{"id":9395,"date":"2026-09-02T14:19:37","date_gmt":"2026-09-02T17:19:37","guid":{"rendered":"https:\/\/projazz.cl\/web\/?p=9395"},"modified":"2026-09-02T14:19:39","modified_gmt":"2026-09-02T17:19:39","slug":"efemerides-para-la-quincena-del-2-al-23-de-septiembre","status":"publish","type":"post","link":"https:\/\/projazz.cl\/web\/efemerides-para-la-quincena-del-2-al-23-de-septiembre\/","title":{"rendered":"Efem\u00e9rides para la quincena del 2 al 23 de septiembre\u00a0"},"content":{"rendered":"\n<p class=\"wp-block-paragraph\">2 de septiembre&nbsp;<\/p>\n\n\n\n<ul class=\"wp-block-list\">\n<li>1928: Nace en Norwalk, Connecticut, Horace Silver, pianista y compositor de jazz, uno de los padres del hard bop.\u00a0<\/li>\n<\/ul>\n\n\n\n<p class=\"wp-block-paragraph\">3 de septiembre&nbsp;<\/p>\n\n\n\n<ul class=\"wp-block-list\">\n<li>1980: Los Jaivas ofrecen un concierto en una iglesia de once siglos en Deventer, Holanda, durante su residencia europea.\u00a0<\/li>\n<\/ul>\n\n\n\n<p class=\"wp-block-paragraph\">6 de septiembre&nbsp;<\/p>\n\n\n\n<ul class=\"wp-block-list\">\n<li>1981: Los Jaivas viajan a Cuzco, Per\u00fa, para comenzar la filmaci\u00f3n del documental Alturas de Machu Picchu.\u00a0<\/li>\n<\/ul>\n\n\n\n<ul class=\"wp-block-list\">\n<li>2003: Se realiza en Santiago el concierto &#8220;Salvador Allende: El Sue\u00f1o Existe&#8221;, con Los Bunkers, Quilapay\u00fan e Isabel Parra.\u00a0<\/li>\n<\/ul>\n\n\n\n<p class=\"wp-block-paragraph\">7 de septiembre&nbsp;<\/p>\n\n\n\n<ul class=\"wp-block-list\">\n<li>1930: Nace en Nueva York Sonny Rollins, saxofonista tenor, autor de discos fundamentales como Saxophone Colossus.\u00a0<\/li>\n<\/ul>\n\n\n\n<ul class=\"wp-block-list\">\n<li>2016: Se lanza en China la aplicaci\u00f3n Douyin (luego TikTok), que transforma la forma en que las nuevas generaciones descubren m\u00fasica mediante clips cortos y virales.\u00a0<\/li>\n<\/ul>\n\n\n\n<p class=\"wp-block-paragraph\">8 de septiembre&nbsp;<\/p>\n\n\n\n<ul class=\"wp-block-list\">\n<li>2005: Los Bunkers lanzan su cuarto \u00e1lbum, Vida de perros, el disco previo a su mudanza a M\u00e9xico.\u00a0<\/li>\n<\/ul>\n\n\n\n<p class=\"wp-block-paragraph\">9 de septiembre&nbsp;<\/p>\n\n\n\n<ul class=\"wp-block-list\">\n<li>2004: Fallece en Santiago Luis Advis, autor de la Cantata de Santa Mar\u00eda de Iquique.\u00a0<\/li>\n<\/ul>\n\n\n\n<p class=\"wp-block-paragraph\">12 de septiembre&nbsp;<\/p>\n\n\n\n<ul class=\"wp-block-list\">\n<li>1967: Nace en Santiago Beto Cuevas, cantante de La Ley desde 1987 y artista solista desde 2008.\u00a0<\/li>\n<\/ul>\n\n\n\n<ul class=\"wp-block-list\">\n<li>1973: V\u00edctor Jara es detenido en la Universidad T\u00e9cnica del Estado; muere el 16 de septiembre de 1973 en el Estadio Chile, Santiago.\u00a0<\/li>\n<\/ul>\n\n\n\n<p class=\"wp-block-paragraph\">14 de septiembre&nbsp;<\/p>\n\n\n\n<ul class=\"wp-block-list\">\n<li>1945: Nace en Vi\u00f1a del Mar Claudio Parra, tecladista y fundador de Los Jaivas.\u00a0<\/li>\n<\/ul>\n\n\n\n<ul class=\"wp-block-list\">\n<li>1995: Los Tres se convierten en el primer grupo chileno en grabar un Unplugged para MTV Latino.\u00a0<\/li>\n<\/ul>\n\n\n\n<p class=\"wp-block-paragraph\">15 de septiembre&nbsp;<\/p>\n\n\n\n<ul class=\"wp-block-list\">\n<li>1918: Nace en Linares Margot Loyola, folclorista, compositora e investigadora del folclore chileno; desde 2016, su natalicio es el D\u00eda Nacional de la Cultura Tradicional y Popular Chilena.\u00a0<\/li>\n<\/ul>\n\n\n\n<ul class=\"wp-block-list\">\n<li>2003: Muere en Par\u00eds el compositor Sergio Ortega, autor de &#8220;El Pueblo Unido Jam\u00e1s Ser\u00e1 Vencido&#8221;.\u00a0<\/li>\n<\/ul>\n\n\n\n<p class=\"wp-block-paragraph\">16 de septiembre&nbsp;<\/p>\n\n\n\n<ul class=\"wp-block-list\">\n<li>2013: La saxofonista chilena Melissa Aldana gana el Thelonious Monk International Jazz Saxophone Competition, convirti\u00e9ndose en la primera mujer instrumentista y la primera sudamericana en obtener el primer lugar en los 27 a\u00f1os de historia del concurso.\u00a0<\/li>\n<\/ul>\n\n\n\n<p class=\"wp-block-paragraph\">18 de septiembre&nbsp;<\/p>\n\n\n\n<ul class=\"wp-block-list\">\n<li>1960: Lucho Barrios act\u00faa por primera vez en Chile, en Arica (Quinta El Rosedal), con la orquesta de Puma Valdez.\u00a0<\/li>\n<\/ul>\n\n\n\n<p class=\"wp-block-paragraph\">21 de septiembre&nbsp;<\/p>\n\n\n\n<ul class=\"wp-block-list\">\n<li>2003: Claudio Narea toca por \u00faltima vez junto a Los Prisioneros, en el cierre de la Fiesta de la Pampilla, Coquimbo, antes de ser despedido del tr\u00edo.\u00a0<\/li>\n<\/ul>\n\n\n\n<p class=\"wp-block-paragraph\">22 de septiembre&nbsp;<\/p>\n\n\n\n<ul class=\"wp-block-list\">\n<li>1843: Nace en Santiago Jos\u00e9 Antonio Soffia, diplom\u00e1tico e intelectual que contribuy\u00f3 a la m\u00fasica chilena con &#8220;R\u00edo, R\u00edo&#8221;.\u00a0<\/li>\n<\/ul>\n\n\n\n<ul class=\"wp-block-list\">\n<li>1973: Nace en Santiago Mat\u00edas Aguayo, compositor de m\u00fasica electr\u00f3nica de trayectoria internacional.\u00a0<\/li>\n<\/ul>\n\n\n\n<p class=\"wp-block-paragraph\">23 de septiembre&nbsp;<\/p>\n\n\n\n<ul class=\"wp-block-list\">\n<li>2008: Se lanza Miedo esc\u00e9nico, primer disco solista de Beto Cuevas tras la primera separaci\u00f3n de La Ley.\u00a0<\/li>\n<\/ul>\n","protected":false},"excerpt":{"rendered":"<p>2 de septiembre&nbsp; 3 de septiembre&nbsp; 6 de septiembre&nbsp; 7 de septiembre&nbsp; 8 de septiembre&nbsp; 9 de septiembre&nbsp; 12 de septiembre&nbsp; 14 de septiembre&nbsp; 15 de septiembre&nbsp; 16 de septiembre&nbsp; 18 de septiembre&nbsp; 21 de septiembre&nbsp; 22 de septiembre&nbsp; 23 de septiembre&nbsp;<\/p>\n","protected":false},"author":1,"featured_media":9396,"comment_status":"open","ping_status":"open","sticky":false,"template":"","format":"standard","meta":{"footnotes":""},"categories":[14],"tags":[],"class_list":["post-9395","post","type-post","status-publish","format-standard","has-post-thumbnail","hentry","category-noticias"],"yoast_head":"<!-- This site is optimized with the Yoast SEO plugin v26.3 - https:\/\/yoast.com\/wordpress\/plugins\/seo\/ -->\n<title>Efem\u00e9rides para la quincena del 2 al 23 de septiembre\u00a0 - Projazz<\/title>\n<meta name=\"robots\" content=\"index, follow, max-snippet:-1, max-image-preview:large, max-video-preview:-1\" \/>\n<link rel=\"canonical\" href=\"https:\/\/projazz.cl\/web\/efemerides-para-la-quincena-del-2-al-23-de-septiembre\/\" \/>\n<meta property=\"og:locale\" content=\"es_ES\" \/>\n<meta property=\"og:type\" content=\"article\" \/>\n<meta property=\"og:title\" content=\"Efem\u00e9rides para la quincena del 2 al 23 de septiembre\u00a0 - Projazz\" \/>\n<meta property=\"og:description\" content=\"2 de septiembre&nbsp; 3 de septiembre&nbsp; 6 de septiembre&nbsp; 7 de septiembre&nbsp; 8 de septiembre&nbsp; 9 de septiembre&nbsp; 12 de septiembre&nbsp; 14 de septiembre&nbsp; 15 de septiembre&nbsp; 16 de septiembre&nbsp; 18 de septiembre&nbsp; 21 de septiembre&nbsp; 22 de septiembre&nbsp; 23 de septiembre&nbsp;\" \/>\n<meta property=\"og:url\" content=\"https:\/\/projazz.cl\/web\/efemerides-para-la-quincena-del-2-al-23-de-septiembre\/\" \/>\n<meta property=\"og:site_name\" content=\"Projazz\" \/>\n<meta property=\"article:publisher\" content=\"https:\/\/www.facebook.com\/projazzchile\" \/>\n<meta property=\"article:published_time\" content=\"2026-09-02T17:19:37+00:00\" \/>\n<meta property=\"article:modified_time\" content=\"2026-09-02T17:19:39+00:00\" \/>\n<meta property=\"og:image\" content=\"https:\/\/projazz.cl\/web\/wp-content\/uploads\/2026\/09\/efemerides.jpg\" \/>\n\t<meta property=\"og:image:width\" content=\"1080\" \/>\n\t<meta property=\"og:image:height\" content=\"694\" \/>\n\t<meta property=\"og:image:type\" content=\"image\/jpeg\" \/>\n<meta name=\"author\" content=\"jcampos\" \/>\n<meta name=\"twitter:card\" content=\"summary_large_image\" \/>\n<meta name=\"twitter:label1\" content=\"Escrito por\" \/>\n\t<meta name=\"twitter:data1\" content=\"jcampos\" \/>\n\t<meta name=\"twitter:label2\" content=\"Tiempo estimado de lectura\" \/>\n\t<meta name=\"twitter:data2\" content=\"3 minutos\" \/>\n<script type=\"application\/ld+json\" class=\"yoast-schema-graph\">{\"@context\":\"https:\/\/schema.org\",\"@graph\":[{\"@type\":\"Article\",\"@id\":\"https:\/\/projazz.cl\/web\/efemerides-para-la-quincena-del-2-al-23-de-septiembre\/#article\",\"isPartOf\":{\"@id\":\"https:\/\/projazz.cl\/web\/efemerides-para-la-quincena-del-2-al-23-de-septiembre\/\"},\"author\":{\"name\":\"jcampos\",\"@id\":\"https:\/\/projazz.cl\/web\/#\/schema\/person\/e8f59c9a6d61dfc7ff356d672db453f8\"},\"headline\":\"Efem\u00e9rides para la quincena del 2 al 23 de septiembre\u00a0\",\"datePublished\":\"2026-09-02T17:19:37+00:00\",\"dateModified\":\"2026-09-02T17:19:39+00:00\",\"mainEntityOfPage\":{\"@id\":\"https:\/\/projazz.cl\/web\/efemerides-para-la-quincena-del-2-al-23-de-septiembre\/\"},\"wordCount\":449,\"commentCount\":0,\"publisher\":{\"@id\":\"https:\/\/projazz.cl\/web\/#organization\"},\"image\":{\"@id\":\"https:\/\/projazz.cl\/web\/efemerides-para-la-quincena-del-2-al-23-de-septiembre\/#primaryimage\"},\"thumbnailUrl\":\"https:\/\/projazz.cl\/web\/wp-content\/uploads\/2026\/09\/efemerides.jpg\",\"articleSection\":[\"Noticias\"],\"inLanguage\":\"es-CL\",\"potentialAction\":[{\"@type\":\"CommentAction\",\"name\":\"Comment\",\"target\":[\"https:\/\/projazz.cl\/web\/efemerides-para-la-quincena-del-2-al-23-de-septiembre\/#respond\"]}]},{\"@type\":\"WebPage\",\"@id\":\"https:\/\/projazz.cl\/web\/efemerides-para-la-quincena-del-2-al-23-de-septiembre\/\",\"url\":\"https:\/\/projazz.cl\/web\/efemerides-para-la-quincena-del-2-al-23-de-septiembre\/\",\"name\":\"Efem\u00e9rides para la quincena del 2 al 23 de septiembre\u00a0 - Projazz\",\"isPartOf\":{\"@id\":\"https:\/\/projazz.cl\/web\/#website\"},\"primaryImageOfPage\":{\"@id\":\"https:\/\/projazz.cl\/web\/efemerides-para-la-quincena-del-2-al-23-de-septiembre\/#primaryimage\"},\"image\":{\"@id\":\"https:\/\/projazz.cl\/web\/efemerides-para-la-quincena-del-2-al-23-de-septiembre\/#primaryimage\"},\"thumbnailUrl\":\"https:\/\/projazz.cl\/web\/wp-content\/uploads\/2026\/09\/efemerides.jpg\",\"datePublished\":\"2026-09-02T17:19:37+00:00\",\"dateModified\":\"2026-09-02T17:19:39+00:00\",\"breadcrumb\":{\"@id\":\"https:\/\/projazz.cl\/web\/efemerides-para-la-quincena-del-2-al-23-de-septiembre\/#breadcrumb\"},\"inLanguage\":\"es-CL\",\"potentialAction\":[{\"@type\":\"ReadAction\",\"target\":[\"https:\/\/projazz.cl\/web\/efemerides-para-la-quincena-del-2-al-23-de-septiembre\/\"]}]},{\"@type\":\"ImageObject\",\"inLanguage\":\"es-CL\",\"@id\":\"https:\/\/projazz.cl\/web\/efemerides-para-la-quincena-del-2-al-23-de-septiembre\/#primaryimage\",\"url\":\"https:\/\/projazz.cl\/web\/wp-content\/uploads\/2026\/09\/efemerides.jpg\",\"contentUrl\":\"https:\/\/projazz.cl\/web\/wp-content\/uploads\/2026\/09\/efemerides.jpg\",\"width\":1080,\"height\":694},{\"@type\":\"BreadcrumbList\",\"@id\":\"https:\/\/projazz.cl\/web\/efemerides-para-la-quincena-del-2-al-23-de-septiembre\/#breadcrumb\",\"itemListElement\":[{\"@type\":\"ListItem\",\"position\":1,\"name\":\"Portada\",\"item\":\"https:\/\/projazz.cl\/web\/\"},{\"@type\":\"ListItem\",\"position\":2,\"name\":\"Efem\u00e9rides para la quincena del 2 al 23 de septiembre\u00a0\"}]},{\"@type\":\"WebSite\",\"@id\":\"https:\/\/projazz.cl\/web\/#website\",\"url\":\"https:\/\/projazz.cl\/web\/\",\"name\":\"Projazz\",\"description\":\"Instituto Profesional \",\"publisher\":{\"@id\":\"https:\/\/projazz.cl\/web\/#organization\"},\"potentialAction\":[{\"@type\":\"SearchAction\",\"target\":{\"@type\":\"EntryPoint\",\"urlTemplate\":\"https:\/\/projazz.cl\/web\/?s={search_term_string}\"},\"query-input\":{\"@type\":\"PropertyValueSpecification\",\"valueRequired\":true,\"valueName\":\"search_term_string\"}}],\"inLanguage\":\"es-CL\"},{\"@type\":\"Organization\",\"@id\":\"https:\/\/projazz.cl\/web\/#organization\",\"name\":\"Projazz\",\"url\":\"https:\/\/projazz.cl\/web\/\",\"logo\":{\"@type\":\"ImageObject\",\"inLanguage\":\"es-CL\",\"@id\":\"https:\/\/projazz.cl\/web\/#\/schema\/logo\/image\/\",\"url\":\"https:\/\/projazz.cl\/web\/wp-content\/uploads\/2024\/10\/brand-projazz2.svg\",\"contentUrl\":\"https:\/\/projazz.cl\/web\/wp-content\/uploads\/2024\/10\/brand-projazz2.svg\",\"width\":161,\"height\":41,\"caption\":\"Projazz\"},\"image\":{\"@id\":\"https:\/\/projazz.cl\/web\/#\/schema\/logo\/image\/\"},\"sameAs\":[\"https:\/\/www.facebook.com\/projazzchile\",\"https:\/\/www.instagram.com\/projazzchile\"]},{\"@type\":\"Person\",\"@id\":\"https:\/\/projazz.cl\/web\/#\/schema\/person\/e8f59c9a6d61dfc7ff356d672db453f8\",\"name\":\"jcampos\",\"image\":{\"@type\":\"ImageObject\",\"inLanguage\":\"es-CL\",\"@id\":\"https:\/\/projazz.cl\/web\/#\/schema\/person\/image\/\",\"url\":\"https:\/\/secure.gravatar.com\/avatar\/5982436324a41ee489dd6e32b04f694f1ff5bd0b926ec80f929beb7441b69904?s=96&d=mm&r=g\",\"contentUrl\":\"https:\/\/secure.gravatar.com\/avatar\/5982436324a41ee489dd6e32b04f694f1ff5bd0b926ec80f929beb7441b69904?s=96&d=mm&r=g\",\"caption\":\"jcampos\"},\"sameAs\":[\"https:\/\/alapar.cl\/projazzweb\"],\"url\":\"https:\/\/projazz.cl\/web\/author\/jcampos\/\"}]}<\/script>\n<!-- \/ Yoast SEO plugin. -->","yoast_head_json":{"title":"Efem\u00e9rides para la quincena del 2 al 23 de septiembre\u00a0 - Projazz","robots":{"index":"index","follow":"follow","max-snippet":"max-snippet:-1","max-image-preview":"max-image-preview:large","max-video-preview":"max-video-preview:-1"},"canonical":"https:\/\/projazz.cl\/web\/efemerides-para-la-quincena-del-2-al-23-de-septiembre\/","og_locale":"es_ES","og_type":"article","og_title":"Efem\u00e9rides para la quincena del 2 al 23 de septiembre\u00a0 - Projazz","og_description":"2 de septiembre&nbsp; 3 de septiembre&nbsp; 6 de septiembre&nbsp; 7 de septiembre&nbsp; 8 de septiembre&nbsp; 9 de septiembre&nbsp; 12 de septiembre&nbsp; 14 de septiembre&nbsp; 15 de septiembre&nbsp; 16 de septiembre&nbsp; 18 de septiembre&nbsp; 21 de septiembre&nbsp; 22 de septiembre&nbsp; 23 de septiembre&nbsp;","og_url":"https:\/\/projazz.cl\/web\/efemerides-para-la-quincena-del-2-al-23-de-septiembre\/","og_site_name":"Projazz","article_publisher":"https:\/\/www.facebook.com\/projazzchile","article_published_time":"2026-09-02T17:19:37+00:00","article_modified_time":"2026-09-02T17:19:39+00:00","og_image":[{"width":1080,"height":694,"url":"https:\/\/projazz.cl\/web\/wp-content\/uploads\/2026\/09\/efemerides.jpg","type":"image\/jpeg"}],"author":"jcampos","twitter_card":"summary_large_image","twitter_misc":{"Escrito por":"jcampos","Tiempo estimado de lectura":"3 minutos"},"schema":{"@context":"https:\/\/schema.org","@graph":[{"@type":"Article","@id":"https:\/\/projazz.cl\/web\/efemerides-para-la-quincena-del-2-al-23-de-septiembre\/#article","isPartOf":{"@id":"https:\/\/projazz.cl\/web\/efemerides-para-la-quincena-del-2-al-23-de-septiembre\/"},"author":{"name":"jcampos","@id":"https:\/\/projazz.cl\/web\/#\/schema\/person\/e8f59c9a6d61dfc7ff356d672db453f8"},"headline":"Efem\u00e9rides para la quincena del 2 al 23 de septiembre\u00a0","datePublished":"2026-09-02T17:19:37+00:00","dateModified":"2026-09-02T17:19:39+00:00","mainEntityOfPage":{"@id":"https:\/\/projazz.cl\/web\/efemerides-para-la-quincena-del-2-al-23-de-septiembre\/"},"wordCount":449,"commentCount":0,"publisher":{"@id":"https:\/\/projazz.cl\/web\/#organization"},"image":{"@id":"https:\/\/projazz.cl\/web\/efemerides-para-la-quincena-del-2-al-23-de-septiembre\/#primaryimage"},"thumbnailUrl":"https:\/\/projazz.cl\/web\/wp-content\/uploads\/2026\/09\/efemerides.jpg","articleSection":["Noticias"],"inLanguage":"es-CL","potentialAction":[{"@type":"CommentAction","name":"Comment","target":["https:\/\/projazz.cl\/web\/efemerides-para-la-quincena-del-2-al-23-de-septiembre\/#respond"]}]},{"@type":"WebPage","@id":"https:\/\/projazz.cl\/web\/efemerides-para-la-quincena-del-2-al-23-de-septiembre\/","url":"https:\/\/projazz.cl\/web\/efemerides-para-la-quincena-del-2-al-23-de-septiembre\/","name":"Efem\u00e9rides para la quincena del 2 al 23 de septiembre\u00a0 - Projazz","isPartOf":{"@id":"https:\/\/projazz.cl\/web\/#website"},"primaryImageOfPage":{"@id":"https:\/\/projazz.cl\/web\/efemerides-para-la-quincena-del-2-al-23-de-septiembre\/#primaryimage"},"image":{"@id":"https:\/\/projazz.cl\/web\/efemerides-para-la-quincena-del-2-al-23-de-septiembre\/#primaryimage"},"thumbnailUrl":"https:\/\/projazz.cl\/web\/wp-content\/uploads\/2026\/09\/efemerides.jpg","datePublished":"2026-09-02T17:19:37+00:00","dateModified":"2026-09-02T17:19:39+00:00","breadcrumb":{"@id":"https:\/\/projazz.cl\/web\/efemerides-para-la-quincena-del-2-al-23-de-septiembre\/#breadcrumb"},"inLanguage":"es-CL","potentialAction":[{"@type":"ReadAction","target":["https:\/\/projazz.cl\/web\/efemerides-para-la-quincena-del-2-al-23-de-septiembre\/"]}]},{"@type":"ImageObject","inLanguage":"es-CL","@id":"https:\/\/projazz.cl\/web\/efemerides-para-la-quincena-del-2-al-23-de-septiembre\/#primaryimage","url":"https:\/\/projazz.cl\/web\/wp-content\/uploads\/2026\/09\/efemerides.jpg","contentUrl":"https:\/\/projazz.cl\/web\/wp-content\/uploads\/2026\/09\/efemerides.jpg","width":1080,"height":694},{"@type":"BreadcrumbList","@id":"https:\/\/projazz.cl\/web\/efemerides-para-la-quincena-del-2-al-23-de-septiembre\/#breadcrumb","itemListElement":[{"@type":"ListItem","position":1,"name":"Portada","item":"https:\/\/projazz.cl\/web\/"},{"@type":"ListItem","position":2,"name":"Efem\u00e9rides para la quincena del 2 al 23 de septiembre\u00a0"}]},{"@type":"WebSite","@id":"https:\/\/projazz.cl\/web\/#website","url":"https:\/\/projazz.cl\/web\/","name":"Projazz","description":"Instituto Profesional ","publisher":{"@id":"https:\/\/projazz.cl\/web\/#organization"},"potentialAction":[{"@type":"SearchAction","target":{"@type":"EntryPoint","urlTemplate":"https:\/\/projazz.cl\/web\/?s={search_term_string}"},"query-input":{"@type":"PropertyValueSpecification","valueRequired":true,"valueName":"search_term_string"}}],"inLanguage":"es-CL"},{"@type":"Organization","@id":"https:\/\/projazz.cl\/web\/#organization","name":"Projazz","url":"https:\/\/projazz.cl\/web\/","logo":{"@type":"ImageObject","inLanguage":"es-CL","@id":"https:\/\/projazz.cl\/web\/#\/schema\/logo\/image\/","url":"https:\/\/projazz.cl\/web\/wp-content\/uploads\/2024\/10\/brand-projazz2.svg","contentUrl":"https:\/\/projazz.cl\/web\/wp-content\/uploads\/2024\/10\/brand-projazz2.svg","width":161,"height":41,"caption":"Projazz"},"image":{"@id":"https:\/\/projazz.cl\/web\/#\/schema\/logo\/image\/"},"sameAs":["https:\/\/www.facebook.com\/projazzchile","https:\/\/www.instagram.com\/projazzchile"]},{"@type":"Person","@id":"https:\/\/projazz.cl\/web\/#\/schema\/person\/e8f59c9a6d61dfc7ff356d672db453f8","name":"jcampos","image":{"@type":"ImageObject","inLanguage":"es-CL","@id":"https:\/\/projazz.cl\/web\/#\/schema\/person\/image\/","url":"https:\/\/secure.gravatar.com\/avatar\/5982436324a41ee489dd6e32b04f694f1ff5bd0b926ec80f929beb7441b69904?s=96&d=mm&r=g","contentUrl":"https:\/\/secure.gravatar.com\/avatar\/5982436324a41ee489dd6e32b04f694f1ff5bd0b926ec80f929beb7441b69904?s=96&d=mm&r=g","caption":"jcampos"},"sameAs":["https:\/\/alapar.cl\/projazzweb"],"url":"https:\/\/projazz.cl\/web\/author\/jcampos\/"}]}},"_links":{"self":[{"href":"https:\/\/projazz.cl\/web\/wp-json\/wp\/v2\/posts\/9395","targetHints":{"allow":["GET"]}}],"collection":[{"href":"https:\/\/projazz.cl\/web\/wp-json\/wp\/v2\/posts"}],"about":[{"href":"https:\/\/projazz.cl\/web\/wp-json\/wp\/v2\/types\/post"}],"author":[{"embeddable":true,"href":"https:\/\/projazz.cl\/web\/wp-json\/wp\/v2\/users\/1"}],"replies":[{"embeddable":true,"href":"https:\/\/projazz.cl\/web\/wp-json\/wp\/v2\/comments?post=9395"}],"version-history":[{"count":1,"href":"https:\/\/projazz.cl\/web\/wp-json\/wp\/v2\/posts\/9395\/revisions"}],"predecessor-version":[{"id":9397,"href":"https:\/\/projazz.cl\/web\/wp-json\/wp\/v2\/posts\/9395\/revisions\/9397"}],"wp:featuredmedia":[{"embeddable":true,"href":"https:\/\/projazz.cl\/web\/wp-json\/wp\/v2\/media\/9396"}],"wp:attachment":[{"href":"https:\/\/projazz.cl\/web\/wp-json\/wp\/v2\/media?parent=9395"}],"wp:term":[{"taxonomy":"category","embeddable":true,"href":"https:\/\/projazz.cl\/web\/wp-json\/wp\/v2\/categories?post=9395"},{"taxonomy":"post_tag","embeddable":true,"href":"https:\/\/projazz.cl\/web\/wp-json\/wp\/v2\/tags?post=9395"}],"curies":[{"name":"wp","href":"https:\/\/api.w.org\/{rel}","templated":true}]}}