{"id":9389,"date":"2026-09-02T13:55:47","date_gmt":"2026-09-02T16:55:47","guid":{"rendered":"https:\/\/projazz.cl\/web\/?p=9389"},"modified":"2026-09-02T13:55:48","modified_gmt":"2026-09-02T16:55:48","slug":"fundacion-zella-en-el-mar-cuando-la-formacion-musical-cruza-fronteras","status":"publish","type":"post","link":"https:\/\/projazz.cl\/web\/fundacion-zella-en-el-mar-cuando-la-formacion-musical-cruza-fronteras\/","title":{"rendered":"Fundaci\u00f3n Zella en el Mar: cuando la formaci\u00f3n musical cruza fronteras\u00a0"},"content":{"rendered":"\n<p class=\"wp-block-paragraph\">Hay un momento en la carrera de cualquier m\u00fasico en el que aparece una pregunta inc\u00f3moda: \u00bfy ahora qu\u00e9? Los conservatorios ense\u00f1an a tocar, pero no siempre preparan para navegar el ecosistema profesional internacional del entretenimiento. &#8220;Fundaci\u00f3n Zella en el mar&#8221; existe para llenar ese espacio, transformando aspiraciones en oportunidades concretas en cruceros, hoteles y agencias como Studio16.&nbsp;<\/p>\n\n\n\n<p class=\"wp-block-paragraph\">Gracias a nuestro convenio de colaboraci\u00f3n con Fundaci\u00f3n Zella contamos con aranceles preferenciales para estudiantes, egresados\/as y docentes.&nbsp;<\/p>\n\n\n\n<p class=\"wp-block-paragraph\"><strong>\u00bfPor qu\u00e9 este programa es diferente?<\/strong>&nbsp;<\/p>\n\n\n\n<ul class=\"wp-block-list\">\n<li>Formaci\u00f3n espec\u00edfica para industria internacional de entretenimiento (no gen\u00e9rica)\u00a0<\/li>\n<\/ul>\n\n\n\n<ul class=\"wp-block-list\">\n<li>Prepara para contextos reales: cruceros, hoteles, agencias de talento\u00a0<\/li>\n<\/ul>\n\n\n\n<ul class=\"wp-block-list\">\n<li>Integra t\u00e9cnica musical + idioma + salud emocional + tr\u00e1mites administrativos\u00a0<\/li>\n<\/ul>\n\n\n\n<ul class=\"wp-block-list\">\n<li>Reconoce que trabajar en un barco requiere madurez emocional, no solo destreza t\u00e9cnica\u00a0<\/li>\n<\/ul>\n\n\n\n<ul class=\"wp-block-list\">\n<li>Construye portafolio profesional desde cero (videos, fotograf\u00edas, CV art\u00edstico)\u00a0<\/li>\n<\/ul>\n\n\n\n<p class=\"wp-block-paragraph\"><strong>El recorrido formativo: siete etapas conectadas<\/strong>&nbsp;<\/p>\n\n\n\n<p class=\"wp-block-paragraph\"><strong>M\u00f3dulo 1: Preparaci\u00f3n de material audiovisual<\/strong>&nbsp;<\/p>\n\n\n\n<ul class=\"wp-block-list\">\n<li>Registro fonogr\u00e1fico profesional\u00a0<\/li>\n<\/ul>\n\n\n\n<ul class=\"wp-block-list\">\n<li>Fotograf\u00edas art\u00edsticas\u00a0<\/li>\n<\/ul>\n\n\n\n<ul class=\"wp-block-list\">\n<li>Dossier completo\u00a0<\/li>\n<\/ul>\n\n\n\n<ul class=\"wp-block-list\">\n<li>Curriculum vitae\u00a0<\/li>\n<\/ul>\n\n\n\n<ul class=\"wp-block-list\">\n<li>Contenido para redes sociales\u00a0<\/li>\n<\/ul>\n\n\n\n<p class=\"wp-block-paragraph\"><strong>M\u00f3dulo 2: Repertorio internacional (para cada uno de los formatos a contrata)<\/strong>&nbsp;<\/p>\n\n\n\n<ul class=\"wp-block-list\">\n<li>Showband\u00a0<\/li>\n<\/ul>\n\n\n\n<ul class=\"wp-block-list\">\n<li>Party Band\u00a0<\/li>\n<\/ul>\n\n\n\n<ul class=\"wp-block-list\">\n<li>D\u00fao Pop\u00a0<\/li>\n<\/ul>\n\n\n\n<ul class=\"wp-block-list\">\n<li>Est\u00e1ndares que suenen una y otra vez en la barra del crucero\u00a0<\/li>\n<\/ul>\n\n\n\n<p class=\"wp-block-paragraph\"><strong>M\u00f3dulo 3: Perfeccionamiento instrumental<\/strong>&nbsp;<\/p>\n\n\n\n<ul class=\"wp-block-list\">\n<li>Clases individuales por familia instrumental\u00a0<br>\u2013 Secci\u00f3n r\u00edtmica\u00a0<br>\u2013 Secci\u00f3n vientos\u00a0<br>\u2013 Secci\u00f3n cuerdas\u00a0<\/li>\n<\/ul>\n\n\n\n<ul class=\"wp-block-list\">\n<li>Clases de canto a d\u00fao\u00a0<\/li>\n<\/ul>\n\n\n\n<ul class=\"wp-block-list\">\n<li>Improvisaci\u00f3n\u00a0<\/li>\n<\/ul>\n\n\n\n<p class=\"wp-block-paragraph\"><strong>M\u00f3dulo 4: Lectura a primera vista<\/strong>&nbsp;<\/p>\n\n\n\n<ul class=\"wp-block-list\">\n<li>Pr\u00e1ctica individual por instrumento\u00a0<\/li>\n<\/ul>\n\n\n\n<ul class=\"wp-block-list\">\n<li>Aplicado a formatos reales:\u00a0<br>\u2013 Showband\u00a0<br>\u2013 String duo\u00a0<br>\u2013 String trio\u00a0<br>\u2013 Piano cocktail\u00a0<\/li>\n<\/ul>\n\n\n\n<ul class=\"wp-block-list\">\n<li>Dominio de lectura en contextos exactos donde la necesitar\u00e1n\u00a0<\/li>\n<\/ul>\n\n\n\n<p class=\"wp-block-paragraph\"><strong>M\u00f3dulo 5: Ingl\u00e9s funcional<\/strong>&nbsp;<\/p>\n\n\n\n<ul class=\"wp-block-list\">\n<li>Nivel 1: t\u00e9cnicas de conversaci\u00f3n en la industria\u00a0<\/li>\n<\/ul>\n\n\n\n<ul class=\"wp-block-list\">\n<li>Nivel 2: formaci\u00f3n pedag\u00f3gica para lecto-escritura\u00a0<\/li>\n<\/ul>\n\n\n\n<ul class=\"wp-block-list\">\n<li>Terminolog\u00eda musical y naval\u00a0<\/li>\n<\/ul>\n\n\n\n<ul class=\"wp-block-list\">\n<li>Comunicaci\u00f3n oral y escrita\u00a0<\/li>\n<\/ul>\n\n\n\n<ul class=\"wp-block-list\">\n<li>Certificaci\u00f3n final\u00a0<\/li>\n<\/ul>\n\n\n\n<p class=\"wp-block-paragraph\"><strong>M\u00f3dulo 6: Introducci\u00f3n a la vida a bordo<\/strong>&nbsp;<\/p>\n\n\n\n<ul class=\"wp-block-list\">\n<li>Tipos de contratos internacionales\u00a0<\/li>\n<\/ul>\n\n\n\n<ul class=\"wp-block-list\">\n<li>Tipos de visa (seg\u00fan destino)\u00a0<\/li>\n<\/ul>\n\n\n\n<ul class=\"wp-block-list\">\n<li>Condiciones laborales en cruceros\u00a0<\/li>\n<\/ul>\n\n\n\n<ul class=\"wp-block-list\">\n<li>T\u00e9rminos legales y tr\u00e1mites administrativos\u00a0<\/li>\n<\/ul>\n\n\n\n<ul class=\"wp-block-list\">\n<li>Experiencias de m\u00fasicos que ya trabajan a bordo\u00a0<\/li>\n<\/ul>\n\n\n\n<ul class=\"wp-block-list\">\n<li>Entrevista psicol\u00f3gica para evaluar adaptabilidad\u00a0<\/li>\n<\/ul>\n\n\n\n<p class=\"wp-block-paragraph\"><strong>M\u00f3dulo 7: Evaluaci\u00f3n final<\/strong>&nbsp;<\/p>\n\n\n\n<ul class=\"wp-block-list\">\n<li>Simulaci\u00f3n de audici\u00f3n internacional\u00a0<\/li>\n<\/ul>\n\n\n\n<ul class=\"wp-block-list\">\n<li>Video promocional profesional\u00a0<\/li>\n<\/ul>\n\n\n\n<ul class=\"wp-block-list\">\n<li>Showcase en vivo\u00a0<\/li>\n<\/ul>\n\n\n\n<p class=\"wp-block-paragraph\"><strong>Seis m\u00f3dulos tem\u00e1ticos que convergen en paralelo<\/strong>&nbsp;<\/p>\n\n\n\n<ul class=\"wp-block-list\">\n<li><strong>Ingl\u00e9s:<\/strong> dos niveles integrados\u00a0<\/li>\n<\/ul>\n\n\n\n<ul class=\"wp-block-list\">\n<li><strong>Ensamble:<\/strong> improvisaci\u00f3n, d\u00fao piano-voz, show band\u00a0<\/li>\n<\/ul>\n\n\n\n<ul class=\"wp-block-list\">\n<li><strong>Lecto-escritura musical:<\/strong> lectura a primera vista en contexto\u00a0<\/li>\n<\/ul>\n\n\n\n<ul class=\"wp-block-list\">\n<li><strong>Interpretaci\u00f3n musical:<\/strong> versatilidad estil\u00edstica\u00a0<\/li>\n<\/ul>\n\n\n\n<ul class=\"wp-block-list\">\n<li><strong>Acompa\u00f1amiento psicosocial:<\/strong> preparaci\u00f3n emocional y administrativa\u00a0<\/li>\n<\/ul>\n\n\n\n<ul class=\"wp-block-list\">\n<li><strong>Portafolio art\u00edstico:<\/strong> fotos, videos, grabaciones, curriculum, audici\u00f3n\u00a0<\/li>\n<\/ul>\n\n\n\n<p class=\"wp-block-paragraph\"><strong>Lo que hace especial este programa<\/strong>&nbsp;<\/p>\n\n\n\n<p class=\"wp-block-paragraph\">\u2713 No asume que el talento t\u00e9cnico es suficiente&nbsp;<br>\u2713 Reconoce que ser m\u00fasico profesional tambi\u00e9n es tr\u00e1mites, emociones, incertidumbre&nbsp;<br>\u2713 Prepara psicol\u00f3gicamente para vivir meses lejos de casa&nbsp;<br>\u2713 Ofrece experiencia simulada en contextos de audici\u00f3n real&nbsp;<br>\u2713 Ense\u00f1a los est\u00e1ndares exactos (showband, party band) que sonar\u00e1n constantemente&nbsp;<br>\u2713 Construye herramientas concretas, no solo consejos te\u00f3ricos&nbsp;<\/p>\n\n\n\n<p class=\"wp-block-paragraph\"><strong>La evaluaci\u00f3n final: pr\u00e1ctica directa<\/strong>&nbsp;<\/p>\n\n\n\n<p class=\"wp-block-paragraph\">En lugar de simplemente ense\u00f1ar c\u00f3mo se hace una audici\u00f3n, los estudiantes la viven:&nbsp;<\/p>\n\n\n\n<ul class=\"wp-block-list\">\n<li>Simulaci\u00f3n de audici\u00f3n con condiciones reales\u00a0<\/li>\n<\/ul>\n\n\n\n<ul class=\"wp-block-list\">\n<li>Feedback especializado de profesionales de la industria\u00a0<\/li>\n<\/ul>\n\n\n\n<ul class=\"wp-block-list\">\n<li>Video promocional listo para enviar a seleccionadores\u00a0<\/li>\n<\/ul>\n\n\n\n<ul class=\"wp-block-list\">\n<li>Showcase que replica lo que vivir\u00e1n en pr\u00f3ximas oportunidades\u00a0<\/li>\n<\/ul>\n\n\n\n<p class=\"wp-block-paragraph\"><strong>Oportunidades especiales para la comunidad Projazz<\/strong>&nbsp;<\/p>\n\n\n\n<p class=\"wp-block-paragraph\">Quienes hayan completado su formaci\u00f3n en Projazz, o sean estudiantes y cuenten con competencias avanzadas comprobables en la lectura e interpretaci\u00f3n, acceden a tarifas preferenciales para el ciclo inicial de tres meses.&nbsp;&nbsp;<\/p>\n\n\n\n<p class=\"wp-block-paragraph\">Adem\u00e1s, si necesitan extender el acompa\u00f1amiento para cumplir con los est\u00e1ndares espec\u00edficos que cada agencia contratante requiere, obtienen&nbsp; descuentos por cada mes adicional. Se reconoce as\u00ed la trayectoria previa y se abre una puerta m\u00e1s accesible hacia el mundo profesional internacional.&nbsp;<\/p>\n\n\n\n<p class=\"wp-block-paragraph\">Para informaciones sobre cuerpo docente y procesos de inscripci\u00f3n, escriban a <a href=\"mailto:contacto@fundacionzella.com\" target=\"_blank\" rel=\"noopener\">contacto@fundacionzella.com<\/a>&nbsp;<\/p>\n\n\n\n<p class=\"wp-block-paragraph\">Cupos limitados.<\/p>\n","protected":false},"excerpt":{"rendered":"<p>Hay un momento en la carrera de cualquier m\u00fasico en el que aparece una pregunta inc\u00f3moda: \u00bfy ahora qu\u00e9? Los conservatorios ense\u00f1an a tocar, pero no siempre preparan para navegar el ecosistema profesional internacional del entretenimiento. &#8220;Fundaci\u00f3n Zella en el mar&#8221; existe para llenar ese espacio, transformando aspiraciones en oportunidades concretas en cruceros, hoteles y &hellip;<\/p>\n<p class=\"read-more\"> <a class=\"\" href=\"https:\/\/projazz.cl\/web\/fundacion-zella-en-el-mar-cuando-la-formacion-musical-cruza-fronteras\/\"> <span class=\"screen-reader-text\">Fundaci\u00f3n Zella en el Mar: cuando la formaci\u00f3n musical cruza fronteras\u00a0<\/span> Read More &raquo;<\/a><\/p>\n","protected":false},"author":1,"featured_media":9390,"comment_status":"open","ping_status":"open","sticky":false,"template":"","format":"standard","meta":{"footnotes":""},"categories":[14],"tags":[],"class_list":["post-9389","post","type-post","status-publish","format-standard","has-post-thumbnail","hentry","category-noticias"],"yoast_head":"<!-- This site is optimized with the Yoast SEO plugin v26.3 - https:\/\/yoast.com\/wordpress\/plugins\/seo\/ -->\n<title>Fundaci\u00f3n Zella en el Mar: cuando la formaci\u00f3n musical cruza fronteras\u00a0 - Projazz<\/title>\n<meta name=\"robots\" content=\"index, follow, max-snippet:-1, max-image-preview:large, max-video-preview:-1\" \/>\n<link rel=\"canonical\" href=\"https:\/\/projazz.cl\/web\/fundacion-zella-en-el-mar-cuando-la-formacion-musical-cruza-fronteras\/\" \/>\n<meta property=\"og:locale\" content=\"es_ES\" \/>\n<meta property=\"og:type\" content=\"article\" \/>\n<meta property=\"og:title\" content=\"Fundaci\u00f3n Zella en el Mar: cuando la formaci\u00f3n musical cruza fronteras\u00a0 - Projazz\" \/>\n<meta property=\"og:description\" content=\"Hay un momento en la carrera de cualquier m\u00fasico en el que aparece una pregunta inc\u00f3moda: \u00bfy ahora qu\u00e9? Los conservatorios ense\u00f1an a tocar, pero no siempre preparan para navegar el ecosistema profesional internacional del entretenimiento. &#8220;Fundaci\u00f3n Zella en el mar&#8221; existe para llenar ese espacio, transformando aspiraciones en oportunidades concretas en cruceros, hoteles y &hellip; Fundaci\u00f3n Zella en el Mar: cuando la formaci\u00f3n musical cruza fronteras\u00a0 Read More &raquo;\" \/>\n<meta property=\"og:url\" content=\"https:\/\/projazz.cl\/web\/fundacion-zella-en-el-mar-cuando-la-formacion-musical-cruza-fronteras\/\" \/>\n<meta property=\"og:site_name\" content=\"Projazz\" \/>\n<meta property=\"article:publisher\" content=\"https:\/\/www.facebook.com\/projazzchile\" \/>\n<meta property=\"article:published_time\" content=\"2026-09-02T16:55:47+00:00\" \/>\n<meta property=\"article:modified_time\" content=\"2026-09-02T16:55:48+00:00\" \/>\n<meta property=\"og:image\" content=\"https:\/\/projazz.cl\/web\/wp-content\/uploads\/2026\/09\/fundacion-zella-mar.jpg\" \/>\n\t<meta property=\"og:image:width\" content=\"1774\" \/>\n\t<meta property=\"og:image:height\" content=\"993\" \/>\n\t<meta property=\"og:image:type\" content=\"image\/jpeg\" \/>\n<meta name=\"author\" content=\"jcampos\" \/>\n<meta name=\"twitter:card\" content=\"summary_large_image\" \/>\n<meta name=\"twitter:label1\" content=\"Escrito por\" \/>\n\t<meta name=\"twitter:data1\" content=\"jcampos\" \/>\n\t<meta name=\"twitter:label2\" content=\"Tiempo estimado de lectura\" \/>\n\t<meta name=\"twitter:data2\" content=\"3 minutos\" \/>\n<script type=\"application\/ld+json\" class=\"yoast-schema-graph\">{\"@context\":\"https:\/\/schema.org\",\"@graph\":[{\"@type\":\"Article\",\"@id\":\"https:\/\/projazz.cl\/web\/fundacion-zella-en-el-mar-cuando-la-formacion-musical-cruza-fronteras\/#article\",\"isPartOf\":{\"@id\":\"https:\/\/projazz.cl\/web\/fundacion-zella-en-el-mar-cuando-la-formacion-musical-cruza-fronteras\/\"},\"author\":{\"name\":\"jcampos\",\"@id\":\"https:\/\/projazz.cl\/web\/#\/schema\/person\/e8f59c9a6d61dfc7ff356d672db453f8\"},\"headline\":\"Fundaci\u00f3n Zella en el Mar: cuando la formaci\u00f3n musical cruza fronteras\u00a0\",\"datePublished\":\"2026-09-02T16:55:47+00:00\",\"dateModified\":\"2026-09-02T16:55:48+00:00\",\"mainEntityOfPage\":{\"@id\":\"https:\/\/projazz.cl\/web\/fundacion-zella-en-el-mar-cuando-la-formacion-musical-cruza-fronteras\/\"},\"wordCount\":680,\"commentCount\":0,\"publisher\":{\"@id\":\"https:\/\/projazz.cl\/web\/#organization\"},\"image\":{\"@id\":\"https:\/\/projazz.cl\/web\/fundacion-zella-en-el-mar-cuando-la-formacion-musical-cruza-fronteras\/#primaryimage\"},\"thumbnailUrl\":\"https:\/\/projazz.cl\/web\/wp-content\/uploads\/2026\/09\/fundacion-zella-mar.jpg\",\"articleSection\":[\"Noticias\"],\"inLanguage\":\"es-CL\",\"potentialAction\":[{\"@type\":\"CommentAction\",\"name\":\"Comment\",\"target\":[\"https:\/\/projazz.cl\/web\/fundacion-zella-en-el-mar-cuando-la-formacion-musical-cruza-fronteras\/#respond\"]}]},{\"@type\":\"WebPage\",\"@id\":\"https:\/\/projazz.cl\/web\/fundacion-zella-en-el-mar-cuando-la-formacion-musical-cruza-fronteras\/\",\"url\":\"https:\/\/projazz.cl\/web\/fundacion-zella-en-el-mar-cuando-la-formacion-musical-cruza-fronteras\/\",\"name\":\"Fundaci\u00f3n Zella en el Mar: cuando la formaci\u00f3n musical cruza fronteras\u00a0 - Projazz\",\"isPartOf\":{\"@id\":\"https:\/\/projazz.cl\/web\/#website\"},\"primaryImageOfPage\":{\"@id\":\"https:\/\/projazz.cl\/web\/fundacion-zella-en-el-mar-cuando-la-formacion-musical-cruza-fronteras\/#primaryimage\"},\"image\":{\"@id\":\"https:\/\/projazz.cl\/web\/fundacion-zella-en-el-mar-cuando-la-formacion-musical-cruza-fronteras\/#primaryimage\"},\"thumbnailUrl\":\"https:\/\/projazz.cl\/web\/wp-content\/uploads\/2026\/09\/fundacion-zella-mar.jpg\",\"datePublished\":\"2026-09-02T16:55:47+00:00\",\"dateModified\":\"2026-09-02T16:55:48+00:00\",\"breadcrumb\":{\"@id\":\"https:\/\/projazz.cl\/web\/fundacion-zella-en-el-mar-cuando-la-formacion-musical-cruza-fronteras\/#breadcrumb\"},\"inLanguage\":\"es-CL\",\"potentialAction\":[{\"@type\":\"ReadAction\",\"target\":[\"https:\/\/projazz.cl\/web\/fundacion-zella-en-el-mar-cuando-la-formacion-musical-cruza-fronteras\/\"]}]},{\"@type\":\"ImageObject\",\"inLanguage\":\"es-CL\",\"@id\":\"https:\/\/projazz.cl\/web\/fundacion-zella-en-el-mar-cuando-la-formacion-musical-cruza-fronteras\/#primaryimage\",\"url\":\"https:\/\/projazz.cl\/web\/wp-content\/uploads\/2026\/09\/fundacion-zella-mar.jpg\",\"contentUrl\":\"https:\/\/projazz.cl\/web\/wp-content\/uploads\/2026\/09\/fundacion-zella-mar.jpg\",\"width\":1774,\"height\":993},{\"@type\":\"BreadcrumbList\",\"@id\":\"https:\/\/projazz.cl\/web\/fundacion-zella-en-el-mar-cuando-la-formacion-musical-cruza-fronteras\/#breadcrumb\",\"itemListElement\":[{\"@type\":\"ListItem\",\"position\":1,\"name\":\"Portada\",\"item\":\"https:\/\/projazz.cl\/web\/\"},{\"@type\":\"ListItem\",\"position\":2,\"name\":\"Fundaci\u00f3n Zella en el Mar: cuando la formaci\u00f3n musical cruza fronteras\u00a0\"}]},{\"@type\":\"WebSite\",\"@id\":\"https:\/\/projazz.cl\/web\/#website\",\"url\":\"https:\/\/projazz.cl\/web\/\",\"name\":\"Projazz\",\"description\":\"Instituto Profesional \",\"publisher\":{\"@id\":\"https:\/\/projazz.cl\/web\/#organization\"},\"potentialAction\":[{\"@type\":\"SearchAction\",\"target\":{\"@type\":\"EntryPoint\",\"urlTemplate\":\"https:\/\/projazz.cl\/web\/?s={search_term_string}\"},\"query-input\":{\"@type\":\"PropertyValueSpecification\",\"valueRequired\":true,\"valueName\":\"search_term_string\"}}],\"inLanguage\":\"es-CL\"},{\"@type\":\"Organization\",\"@id\":\"https:\/\/projazz.cl\/web\/#organization\",\"name\":\"Projazz\",\"url\":\"https:\/\/projazz.cl\/web\/\",\"logo\":{\"@type\":\"ImageObject\",\"inLanguage\":\"es-CL\",\"@id\":\"https:\/\/projazz.cl\/web\/#\/schema\/logo\/image\/\",\"url\":\"https:\/\/projazz.cl\/web\/wp-content\/uploads\/2024\/10\/brand-projazz2.svg\",\"contentUrl\":\"https:\/\/projazz.cl\/web\/wp-content\/uploads\/2024\/10\/brand-projazz2.svg\",\"width\":161,\"height\":41,\"caption\":\"Projazz\"},\"image\":{\"@id\":\"https:\/\/projazz.cl\/web\/#\/schema\/logo\/image\/\"},\"sameAs\":[\"https:\/\/www.facebook.com\/projazzchile\",\"https:\/\/www.instagram.com\/projazzchile\"]},{\"@type\":\"Person\",\"@id\":\"https:\/\/projazz.cl\/web\/#\/schema\/person\/e8f59c9a6d61dfc7ff356d672db453f8\",\"name\":\"jcampos\",\"image\":{\"@type\":\"ImageObject\",\"inLanguage\":\"es-CL\",\"@id\":\"https:\/\/projazz.cl\/web\/#\/schema\/person\/image\/\",\"url\":\"https:\/\/secure.gravatar.com\/avatar\/5982436324a41ee489dd6e32b04f694f1ff5bd0b926ec80f929beb7441b69904?s=96&d=mm&r=g\",\"contentUrl\":\"https:\/\/secure.gravatar.com\/avatar\/5982436324a41ee489dd6e32b04f694f1ff5bd0b926ec80f929beb7441b69904?s=96&d=mm&r=g\",\"caption\":\"jcampos\"},\"sameAs\":[\"https:\/\/alapar.cl\/projazzweb\"],\"url\":\"https:\/\/projazz.cl\/web\/author\/jcampos\/\"}]}<\/script>\n<!-- \/ Yoast SEO plugin. -->","yoast_head_json":{"title":"Fundaci\u00f3n Zella en el Mar: cuando la formaci\u00f3n musical cruza fronteras\u00a0 - Projazz","robots":{"index":"index","follow":"follow","max-snippet":"max-snippet:-1","max-image-preview":"max-image-preview:large","max-video-preview":"max-video-preview:-1"},"canonical":"https:\/\/projazz.cl\/web\/fundacion-zella-en-el-mar-cuando-la-formacion-musical-cruza-fronteras\/","og_locale":"es_ES","og_type":"article","og_title":"Fundaci\u00f3n Zella en el Mar: cuando la formaci\u00f3n musical cruza fronteras\u00a0 - Projazz","og_description":"Hay un momento en la carrera de cualquier m\u00fasico en el que aparece una pregunta inc\u00f3moda: \u00bfy ahora qu\u00e9? Los conservatorios ense\u00f1an a tocar, pero no siempre preparan para navegar el ecosistema profesional internacional del entretenimiento. &#8220;Fundaci\u00f3n Zella en el mar&#8221; existe para llenar ese espacio, transformando aspiraciones en oportunidades concretas en cruceros, hoteles y &hellip; Fundaci\u00f3n Zella en el Mar: cuando la formaci\u00f3n musical cruza fronteras\u00a0 Read More &raquo;","og_url":"https:\/\/projazz.cl\/web\/fundacion-zella-en-el-mar-cuando-la-formacion-musical-cruza-fronteras\/","og_site_name":"Projazz","article_publisher":"https:\/\/www.facebook.com\/projazzchile","article_published_time":"2026-09-02T16:55:47+00:00","article_modified_time":"2026-09-02T16:55:48+00:00","og_image":[{"width":1774,"height":993,"url":"https:\/\/projazz.cl\/web\/wp-content\/uploads\/2026\/09\/fundacion-zella-mar.jpg","type":"image\/jpeg"}],"author":"jcampos","twitter_card":"summary_large_image","twitter_misc":{"Escrito por":"jcampos","Tiempo estimado de lectura":"3 minutos"},"schema":{"@context":"https:\/\/schema.org","@graph":[{"@type":"Article","@id":"https:\/\/projazz.cl\/web\/fundacion-zella-en-el-mar-cuando-la-formacion-musical-cruza-fronteras\/#article","isPartOf":{"@id":"https:\/\/projazz.cl\/web\/fundacion-zella-en-el-mar-cuando-la-formacion-musical-cruza-fronteras\/"},"author":{"name":"jcampos","@id":"https:\/\/projazz.cl\/web\/#\/schema\/person\/e8f59c9a6d61dfc7ff356d672db453f8"},"headline":"Fundaci\u00f3n Zella en el Mar: cuando la formaci\u00f3n musical cruza fronteras\u00a0","datePublished":"2026-09-02T16:55:47+00:00","dateModified":"2026-09-02T16:55:48+00:00","mainEntityOfPage":{"@id":"https:\/\/projazz.cl\/web\/fundacion-zella-en-el-mar-cuando-la-formacion-musical-cruza-fronteras\/"},"wordCount":680,"commentCount":0,"publisher":{"@id":"https:\/\/projazz.cl\/web\/#organization"},"image":{"@id":"https:\/\/projazz.cl\/web\/fundacion-zella-en-el-mar-cuando-la-formacion-musical-cruza-fronteras\/#primaryimage"},"thumbnailUrl":"https:\/\/projazz.cl\/web\/wp-content\/uploads\/2026\/09\/fundacion-zella-mar.jpg","articleSection":["Noticias"],"inLanguage":"es-CL","potentialAction":[{"@type":"CommentAction","name":"Comment","target":["https:\/\/projazz.cl\/web\/fundacion-zella-en-el-mar-cuando-la-formacion-musical-cruza-fronteras\/#respond"]}]},{"@type":"WebPage","@id":"https:\/\/projazz.cl\/web\/fundacion-zella-en-el-mar-cuando-la-formacion-musical-cruza-fronteras\/","url":"https:\/\/projazz.cl\/web\/fundacion-zella-en-el-mar-cuando-la-formacion-musical-cruza-fronteras\/","name":"Fundaci\u00f3n Zella en el Mar: cuando la formaci\u00f3n musical cruza fronteras\u00a0 - Projazz","isPartOf":{"@id":"https:\/\/projazz.cl\/web\/#website"},"primaryImageOfPage":{"@id":"https:\/\/projazz.cl\/web\/fundacion-zella-en-el-mar-cuando-la-formacion-musical-cruza-fronteras\/#primaryimage"},"image":{"@id":"https:\/\/projazz.cl\/web\/fundacion-zella-en-el-mar-cuando-la-formacion-musical-cruza-fronteras\/#primaryimage"},"thumbnailUrl":"https:\/\/projazz.cl\/web\/wp-content\/uploads\/2026\/09\/fundacion-zella-mar.jpg","datePublished":"2026-09-02T16:55:47+00:00","dateModified":"2026-09-02T16:55:48+00:00","breadcrumb":{"@id":"https:\/\/projazz.cl\/web\/fundacion-zella-en-el-mar-cuando-la-formacion-musical-cruza-fronteras\/#breadcrumb"},"inLanguage":"es-CL","potentialAction":[{"@type":"ReadAction","target":["https:\/\/projazz.cl\/web\/fundacion-zella-en-el-mar-cuando-la-formacion-musical-cruza-fronteras\/"]}]},{"@type":"ImageObject","inLanguage":"es-CL","@id":"https:\/\/projazz.cl\/web\/fundacion-zella-en-el-mar-cuando-la-formacion-musical-cruza-fronteras\/#primaryimage","url":"https:\/\/projazz.cl\/web\/wp-content\/uploads\/2026\/09\/fundacion-zella-mar.jpg","contentUrl":"https:\/\/projazz.cl\/web\/wp-content\/uploads\/2026\/09\/fundacion-zella-mar.jpg","width":1774,"height":993},{"@type":"BreadcrumbList","@id":"https:\/\/projazz.cl\/web\/fundacion-zella-en-el-mar-cuando-la-formacion-musical-cruza-fronteras\/#breadcrumb","itemListElement":[{"@type":"ListItem","position":1,"name":"Portada","item":"https:\/\/projazz.cl\/web\/"},{"@type":"ListItem","position":2,"name":"Fundaci\u00f3n Zella en el Mar: cuando la formaci\u00f3n musical cruza fronteras\u00a0"}]},{"@type":"WebSite","@id":"https:\/\/projazz.cl\/web\/#website","url":"https:\/\/projazz.cl\/web\/","name":"Projazz","description":"Instituto Profesional ","publisher":{"@id":"https:\/\/projazz.cl\/web\/#organization"},"potentialAction":[{"@type":"SearchAction","target":{"@type":"EntryPoint","urlTemplate":"https:\/\/projazz.cl\/web\/?s={search_term_string}"},"query-input":{"@type":"PropertyValueSpecification","valueRequired":true,"valueName":"search_term_string"}}],"inLanguage":"es-CL"},{"@type":"Organization","@id":"https:\/\/projazz.cl\/web\/#organization","name":"Projazz","url":"https:\/\/projazz.cl\/web\/","logo":{"@type":"ImageObject","inLanguage":"es-CL","@id":"https:\/\/projazz.cl\/web\/#\/schema\/logo\/image\/","url":"https:\/\/projazz.cl\/web\/wp-content\/uploads\/2024\/10\/brand-projazz2.svg","contentUrl":"https:\/\/projazz.cl\/web\/wp-content\/uploads\/2024\/10\/brand-projazz2.svg","width":161,"height":41,"caption":"Projazz"},"image":{"@id":"https:\/\/projazz.cl\/web\/#\/schema\/logo\/image\/"},"sameAs":["https:\/\/www.facebook.com\/projazzchile","https:\/\/www.instagram.com\/projazzchile"]},{"@type":"Person","@id":"https:\/\/projazz.cl\/web\/#\/schema\/person\/e8f59c9a6d61dfc7ff356d672db453f8","name":"jcampos","image":{"@type":"ImageObject","inLanguage":"es-CL","@id":"https:\/\/projazz.cl\/web\/#\/schema\/person\/image\/","url":"https:\/\/secure.gravatar.com\/avatar\/5982436324a41ee489dd6e32b04f694f1ff5bd0b926ec80f929beb7441b69904?s=96&d=mm&r=g","contentUrl":"https:\/\/secure.gravatar.com\/avatar\/5982436324a41ee489dd6e32b04f694f1ff5bd0b926ec80f929beb7441b69904?s=96&d=mm&r=g","caption":"jcampos"},"sameAs":["https:\/\/alapar.cl\/projazzweb"],"url":"https:\/\/projazz.cl\/web\/author\/jcampos\/"}]}},"_links":{"self":[{"href":"https:\/\/projazz.cl\/web\/wp-json\/wp\/v2\/posts\/9389","targetHints":{"allow":["GET"]}}],"collection":[{"href":"https:\/\/projazz.cl\/web\/wp-json\/wp\/v2\/posts"}],"about":[{"href":"https:\/\/projazz.cl\/web\/wp-json\/wp\/v2\/types\/post"}],"author":[{"embeddable":true,"href":"https:\/\/projazz.cl\/web\/wp-json\/wp\/v2\/users\/1"}],"replies":[{"embeddable":true,"href":"https:\/\/projazz.cl\/web\/wp-json\/wp\/v2\/comments?post=9389"}],"version-history":[{"count":1,"href":"https:\/\/projazz.cl\/web\/wp-json\/wp\/v2\/posts\/9389\/revisions"}],"predecessor-version":[{"id":9391,"href":"https:\/\/projazz.cl\/web\/wp-json\/wp\/v2\/posts\/9389\/revisions\/9391"}],"wp:featuredmedia":[{"embeddable":true,"href":"https:\/\/projazz.cl\/web\/wp-json\/wp\/v2\/media\/9390"}],"wp:attachment":[{"href":"https:\/\/projazz.cl\/web\/wp-json\/wp\/v2\/media?parent=9389"}],"wp:term":[{"taxonomy":"category","embeddable":true,"href":"https:\/\/projazz.cl\/web\/wp-json\/wp\/v2\/categories?post=9389"},{"taxonomy":"post_tag","embeddable":true,"href":"https:\/\/projazz.cl\/web\/wp-json\/wp\/v2\/tags?post=9389"}],"curies":[{"name":"wp","href":"https:\/\/api.w.org\/{rel}","templated":true}]}}