{"id":8471,"date":"2026-05-02T13:58:30","date_gmt":"2026-05-02T16:58:30","guid":{"rendered":"https:\/\/projazz.cl\/web\/?p=8471"},"modified":"2026-05-02T13:59:42","modified_gmt":"2026-05-02T16:59:42","slug":"pipi-piazzolla-en-la-otra-clave-crecer-entre-bombos-tiburones-y-el-legado-de-astor","status":"publish","type":"post","link":"https:\/\/projazz.cl\/web\/pipi-piazzolla-en-la-otra-clave-crecer-entre-bombos-tiburones-y-el-legado-de-astor\/","title":{"rendered":"Pipi Piazzolla en\u00a0La otra clave: crecer entre bombos, tiburones y el legado de Astor\u00a0"},"content":{"rendered":"\n<p>El baterista, compositor y docente argentino Daniel &#8220;Pipi&#8221; Piazzolla convers\u00f3 con Sebasti\u00e1n Prado, destacado guitarrista y coordinador acad\u00e9mico de IP&nbsp;Projazz,&nbsp;&nbsp;en el programa&nbsp;<em>La otra clave<\/em>, grabado en el Centro Comunitario Matta Sur de Santiago, gracias a la gesti\u00f3n conjunta de Fundaci\u00f3n&nbsp;Zella&nbsp;y&nbsp;Drumdealer.&nbsp;<\/p>\n\n\n\n<p>Nieto de Astor Piazzolla y l\u00edder del grupo&nbsp;<em>Escalandrum<\/em>, Pipi dej\u00f3 varias ideas que vale la pena guardar si est\u00e1s construyendo tu camino en la m\u00fasica.&nbsp;<\/p>\n\n\n\n<figure class=\"wp-block-gallery has-nested-images columns-default is-cropped wp-block-gallery-1 is-layout-flex wp-block-gallery-is-layout-flex\">\n<figure class=\"wp-block-image size-large\"><img fetchpriority=\"high\" decoding=\"async\" width=\"768\" height=\"1024\" data-id=\"8472\" src=\"https:\/\/projazz.cl\/web\/wp-content\/uploads\/2026\/05\/WhatsApp-Image-2026-05-02-at-12.54.21-2-768x1024.jpeg\" alt=\"\" class=\"wp-image-8472\" srcset=\"https:\/\/projazz.cl\/web\/wp-content\/uploads\/2026\/05\/WhatsApp-Image-2026-05-02-at-12.54.21-2-768x1024.jpeg 768w, https:\/\/projazz.cl\/web\/wp-content\/uploads\/2026\/05\/WhatsApp-Image-2026-05-02-at-12.54.21-2-225x300.jpeg 225w, https:\/\/projazz.cl\/web\/wp-content\/uploads\/2026\/05\/WhatsApp-Image-2026-05-02-at-12.54.21-2-1152x1536.jpeg 1152w, https:\/\/projazz.cl\/web\/wp-content\/uploads\/2026\/05\/WhatsApp-Image-2026-05-02-at-12.54.21-2.jpeg 1200w\" sizes=\"(max-width: 768px) 100vw, 768px\" \/><\/figure>\n\n\n\n<figure class=\"wp-block-image size-large\"><img decoding=\"async\" width=\"768\" height=\"1024\" data-id=\"8473\" src=\"https:\/\/projazz.cl\/web\/wp-content\/uploads\/2026\/05\/WhatsApp-Image-2026-05-02-at-12.54.21-768x1024.jpeg\" alt=\"\" class=\"wp-image-8473\" srcset=\"https:\/\/projazz.cl\/web\/wp-content\/uploads\/2026\/05\/WhatsApp-Image-2026-05-02-at-12.54.21-768x1024.jpeg 768w, https:\/\/projazz.cl\/web\/wp-content\/uploads\/2026\/05\/WhatsApp-Image-2026-05-02-at-12.54.21-225x300.jpeg 225w, https:\/\/projazz.cl\/web\/wp-content\/uploads\/2026\/05\/WhatsApp-Image-2026-05-02-at-12.54.21-1152x1536.jpeg 1152w, https:\/\/projazz.cl\/web\/wp-content\/uploads\/2026\/05\/WhatsApp-Image-2026-05-02-at-12.54.21.jpeg 1200w\" sizes=\"(max-width: 768px) 100vw, 768px\" \/><\/figure>\n<\/figure>\n\n\n\n<p><\/p>\n\n\n\n<p><strong>El momento en que todo se defini\u00f3:&nbsp;<\/strong>&nbsp;Pipi empez\u00f3 con piano cl\u00e1sico de ni\u00f1o, se alej\u00f3 en la adolescencia y volvi\u00f3 por la bater\u00eda. El empuj\u00f3n definitivo vino de una clase de marketing en la universidad: el primer d\u00eda, cuando el profesor pidi\u00f3 leer diarios de econom\u00eda, Pipi se par\u00f3, se fue y le dijo a su pap\u00e1 que se dedicar\u00eda a la m\u00fasica. Su abuelo Astor, que estaba ah\u00ed, le dijo algo que se qued\u00f3 grabado:&nbsp;<em>&#8220;S\u00e9 m\u00fasico, s\u00e9 pobre, pero s\u00e9 feliz.&#8221;<\/em>&nbsp;No como resignaci\u00f3n, sino como permiso para apostar por lo que&nbsp;am\u00e1s\u201d.&nbsp;<\/p>\n\n\n\n<p><strong>C\u00f3mo elegir a un maestro:&nbsp;<\/strong>&nbsp;Para Pipi, el maestro ideal es alguien que te quiera, te motive y comparta los conocimientos con generosidad. Su primer referente, el Oso&nbsp;Picardi, lo llevaba a pasear al perro antes de cada clase y le contaba historias del oficio. Esa relaci\u00f3n cercana fue tan importante como los ejercicios. Despu\u00e9s estudi\u00f3 un a\u00f1o intensivo en el&nbsp;<em>Musicians&nbsp;Institute&nbsp;<\/em>de Los \u00c1ngeles, donde su padre hipotec\u00f3 la casa para que pudiera ir: cinco horas de bater\u00eda diarias m\u00e1s pr\u00e1ctica. Eso lo puso a otro nivel muy r\u00e1pido.&nbsp;<\/p>\n\n\n\n<p><strong>Tu origen como ventaja:<\/strong>&nbsp;En el examen m\u00e1s importante de esa escuela, rodeado de los mejores&nbsp;sesionistas&nbsp;de Los \u00c1ngeles, Pipi decidi\u00f3 tocar folklore argentino: una samba, una chacarera. Nadie sab\u00eda qu\u00e9 era.&nbsp;Eso fue exactamente lo que llam\u00f3 la atenci\u00f3n.&nbsp;La lecci\u00f3n:&nbsp;\u201clo que viene de donde t\u00fa ven\u00eds, lo que nadie m\u00e1s puede hacer igual, es tu mayor activo cuando tocas afuera\u201d.&nbsp;<\/p>\n\n\n\n<p><strong>C\u00f3mo naci\u00f3 Play Piazzolla y gan\u00f3 el Gardel de Oro:<\/strong>&nbsp;En unas vacaciones de un mes \u2014las \u00fanicas largas que se ha tomado en su vida\u2014 Pipi tuvo la idea de grabar la m\u00fasica de su abuelo con&nbsp;<em>Escalandrum<\/em>, pero de manera completamente distinta: sin bandone\u00f3n, sin viol\u00edn, con improvisaci\u00f3n y los arreglos adaptados a su formaci\u00f3n. Ensayaron seis meses en paralelo a su repertorio habitual, lo estrenaron en el Festival de Tango de Buenos Aires ante ex m\u00fasicos de Astor y les encant\u00f3. Ese disco gan\u00f3 el Gardel de Oro en 2011, compitiendo con&nbsp;<em>Babas\u00f3nicos<\/em>&nbsp;y&nbsp;<em>Miranda<\/em>. La clave: no imitar, proponer.&nbsp;<\/p>\n\n\n\n<p><strong>Lo que separa a un baterista t\u00e9cnico de uno con voz propia:<\/strong>&nbsp;Pipi lo dice claro: los bateristas con algo que decir no piensan en la bater\u00eda, piensan en la m\u00fasica. Piensan en c\u00f3mo su instrumento aporta a lo que est\u00e1n construyendo todos juntos. En vez de ejecutar mil recursos a la vez, desarrollan una idea, una frase, un concepto. Eso es lo que los hace inconfundibles.&nbsp;<\/p>\n\n\n\n<p><strong>27 a\u00f1os juntos y ensayando todos los martes:&nbsp;<\/strong>&nbsp;<em>Escalandrum<\/em>&nbsp;lleva 27 a\u00f1os con los mismos integrantes, ensayando de 10 a 13 horas todos los martes, con desayuno incluido. El secreto, seg\u00fan Pipi, es que eran amigos antes de ser banda. No eligi\u00f3 m\u00fasicos para un proyecto, eligi\u00f3 personas con las que ya ten\u00eda historia. Eso hace que los conflictos se resuelvan solos y que la m\u00fasica se beneficie de una confianza que no se puede fingir.&nbsp;<\/p>\n\n\n\n<p><strong>El consejo final para quien est\u00e1 empezando: \u201c<\/strong>Practic\u00e1&nbsp;con pasi\u00f3n y cuando termines una buena sesi\u00f3n,&nbsp;not\u00e1&nbsp;c\u00f3mo te sent\u00eds por dentro. Esa satisfacci\u00f3n es la se\u00f1al de que vas por el camino correcto. Y si&nbsp;ten\u00e9s&nbsp;un instrumento que te gusta, no te quedes solo en la superficie: aprende de d\u00f3nde viene, qui\u00e9nes son sus referentes, y qui\u00e9nes son los \u00eddolos de tus \u00eddolos. Ah\u00ed vas a entender por qu\u00e9 suenan como suenan\u201d. Y eso, dice Pipi, es infinito.&nbsp;<\/p>\n\n\n\n<p>Pronto en YouTube, mientras tanto:&nbsp;<\/p>\n\n\n\n<p><a href=\"https:\/\/www.youtube.com\/@Escalandrum\" target=\"_blank\" rel=\"noreferrer noopener\">Escalandrum &#8211; YouTube<\/a>&nbsp;<\/p>\n\n\n\n<p><\/p>\n","protected":false},"excerpt":{"rendered":"<p>El baterista, compositor y docente argentino Daniel &#8220;Pipi&#8221; Piazzolla convers\u00f3 con Sebasti\u00e1n Prado, destacado guitarrista y coordinador acad\u00e9mico de IP&nbsp;Projazz,&nbsp;&nbsp;en el programa&nbsp;La otra clave, grabado en el Centro Comunitario Matta Sur de Santiago, gracias a la gesti\u00f3n conjunta de Fundaci\u00f3n&nbsp;Zella&nbsp;y&nbsp;Drumdealer.&nbsp; Nieto de Astor Piazzolla y l\u00edder del grupo&nbsp;Escalandrum, Pipi dej\u00f3 varias ideas que vale la &hellip;<\/p>\n<p class=\"read-more\"> <a class=\"\" href=\"https:\/\/projazz.cl\/web\/pipi-piazzolla-en-la-otra-clave-crecer-entre-bombos-tiburones-y-el-legado-de-astor\/\"> <span class=\"screen-reader-text\">Pipi Piazzolla en\u00a0La otra clave: crecer entre bombos, tiburones y el legado de Astor\u00a0<\/span> Read More &raquo;<\/a><\/p>\n","protected":false},"author":1,"featured_media":8472,"comment_status":"open","ping_status":"open","sticky":false,"template":"","format":"standard","meta":{"footnotes":""},"categories":[14],"tags":[],"class_list":["post-8471","post","type-post","status-publish","format-standard","has-post-thumbnail","hentry","category-noticias"],"yoast_head":"<!-- This site is optimized with the Yoast SEO plugin v26.3 - https:\/\/yoast.com\/wordpress\/plugins\/seo\/ -->\n<title>Pipi Piazzolla en\u00a0La otra clave: crecer entre bombos, tiburones y el legado de Astor\u00a0 - Projazz<\/title>\n<meta name=\"robots\" content=\"index, follow, max-snippet:-1, max-image-preview:large, max-video-preview:-1\" \/>\n<link rel=\"canonical\" href=\"https:\/\/projazz.cl\/web\/pipi-piazzolla-en-la-otra-clave-crecer-entre-bombos-tiburones-y-el-legado-de-astor\/\" \/>\n<meta property=\"og:locale\" content=\"es_ES\" \/>\n<meta property=\"og:type\" content=\"article\" \/>\n<meta property=\"og:title\" content=\"Pipi Piazzolla en\u00a0La otra clave: crecer entre bombos, tiburones y el legado de Astor\u00a0 - Projazz\" \/>\n<meta property=\"og:description\" content=\"El baterista, compositor y docente argentino Daniel &#8220;Pipi&#8221; Piazzolla convers\u00f3 con Sebasti\u00e1n Prado, destacado guitarrista y coordinador acad\u00e9mico de IP&nbsp;Projazz,&nbsp;&nbsp;en el programa&nbsp;La otra clave, grabado en el Centro Comunitario Matta Sur de Santiago, gracias a la gesti\u00f3n conjunta de Fundaci\u00f3n&nbsp;Zella&nbsp;y&nbsp;Drumdealer.&nbsp; Nieto de Astor Piazzolla y l\u00edder del grupo&nbsp;Escalandrum, Pipi dej\u00f3 varias ideas que vale la &hellip; Pipi Piazzolla en\u00a0La otra clave: crecer entre bombos, tiburones y el legado de Astor\u00a0 Read More &raquo;\" \/>\n<meta property=\"og:url\" content=\"https:\/\/projazz.cl\/web\/pipi-piazzolla-en-la-otra-clave-crecer-entre-bombos-tiburones-y-el-legado-de-astor\/\" \/>\n<meta property=\"og:site_name\" content=\"Projazz\" \/>\n<meta property=\"article:publisher\" content=\"https:\/\/www.facebook.com\/projazzchile\" \/>\n<meta property=\"article:published_time\" content=\"2026-05-02T16:58:30+00:00\" \/>\n<meta property=\"article:modified_time\" content=\"2026-05-02T16:59:42+00:00\" \/>\n<meta property=\"og:image\" content=\"https:\/\/projazz.cl\/web\/wp-content\/uploads\/2026\/05\/WhatsApp-Image-2026-05-02-at-12.54.21-2.jpeg\" \/>\n\t<meta property=\"og:image:width\" content=\"1200\" \/>\n\t<meta property=\"og:image:height\" content=\"1600\" \/>\n\t<meta property=\"og:image:type\" content=\"image\/jpeg\" \/>\n<meta name=\"author\" content=\"jcampos\" \/>\n<meta name=\"twitter:card\" content=\"summary_large_image\" \/>\n<meta name=\"twitter:label1\" content=\"Escrito por\" \/>\n\t<meta name=\"twitter:data1\" content=\"jcampos\" \/>\n\t<meta name=\"twitter:label2\" content=\"Tiempo estimado de lectura\" \/>\n\t<meta name=\"twitter:data2\" content=\"4 minutos\" \/>\n<script type=\"application\/ld+json\" class=\"yoast-schema-graph\">{\"@context\":\"https:\/\/schema.org\",\"@graph\":[{\"@type\":\"Article\",\"@id\":\"https:\/\/projazz.cl\/web\/pipi-piazzolla-en-la-otra-clave-crecer-entre-bombos-tiburones-y-el-legado-de-astor\/#article\",\"isPartOf\":{\"@id\":\"https:\/\/projazz.cl\/web\/pipi-piazzolla-en-la-otra-clave-crecer-entre-bombos-tiburones-y-el-legado-de-astor\/\"},\"author\":{\"name\":\"jcampos\",\"@id\":\"https:\/\/projazz.cl\/web\/#\/schema\/person\/e8f59c9a6d61dfc7ff356d672db453f8\"},\"headline\":\"Pipi Piazzolla en\u00a0La otra clave: crecer entre bombos, tiburones y el legado de Astor\u00a0\",\"datePublished\":\"2026-05-02T16:58:30+00:00\",\"dateModified\":\"2026-05-02T16:59:42+00:00\",\"mainEntityOfPage\":{\"@id\":\"https:\/\/projazz.cl\/web\/pipi-piazzolla-en-la-otra-clave-crecer-entre-bombos-tiburones-y-el-legado-de-astor\/\"},\"wordCount\":778,\"commentCount\":0,\"publisher\":{\"@id\":\"https:\/\/projazz.cl\/web\/#organization\"},\"image\":{\"@id\":\"https:\/\/projazz.cl\/web\/pipi-piazzolla-en-la-otra-clave-crecer-entre-bombos-tiburones-y-el-legado-de-astor\/#primaryimage\"},\"thumbnailUrl\":\"https:\/\/projazz.cl\/web\/wp-content\/uploads\/2026\/05\/WhatsApp-Image-2026-05-02-at-12.54.21-2.jpeg\",\"articleSection\":[\"Noticias\"],\"inLanguage\":\"es-CL\",\"potentialAction\":[{\"@type\":\"CommentAction\",\"name\":\"Comment\",\"target\":[\"https:\/\/projazz.cl\/web\/pipi-piazzolla-en-la-otra-clave-crecer-entre-bombos-tiburones-y-el-legado-de-astor\/#respond\"]}]},{\"@type\":\"WebPage\",\"@id\":\"https:\/\/projazz.cl\/web\/pipi-piazzolla-en-la-otra-clave-crecer-entre-bombos-tiburones-y-el-legado-de-astor\/\",\"url\":\"https:\/\/projazz.cl\/web\/pipi-piazzolla-en-la-otra-clave-crecer-entre-bombos-tiburones-y-el-legado-de-astor\/\",\"name\":\"Pipi Piazzolla en\u00a0La otra clave: crecer entre bombos, tiburones y el legado de Astor\u00a0 - Projazz\",\"isPartOf\":{\"@id\":\"https:\/\/projazz.cl\/web\/#website\"},\"primaryImageOfPage\":{\"@id\":\"https:\/\/projazz.cl\/web\/pipi-piazzolla-en-la-otra-clave-crecer-entre-bombos-tiburones-y-el-legado-de-astor\/#primaryimage\"},\"image\":{\"@id\":\"https:\/\/projazz.cl\/web\/pipi-piazzolla-en-la-otra-clave-crecer-entre-bombos-tiburones-y-el-legado-de-astor\/#primaryimage\"},\"thumbnailUrl\":\"https:\/\/projazz.cl\/web\/wp-content\/uploads\/2026\/05\/WhatsApp-Image-2026-05-02-at-12.54.21-2.jpeg\",\"datePublished\":\"2026-05-02T16:58:30+00:00\",\"dateModified\":\"2026-05-02T16:59:42+00:00\",\"breadcrumb\":{\"@id\":\"https:\/\/projazz.cl\/web\/pipi-piazzolla-en-la-otra-clave-crecer-entre-bombos-tiburones-y-el-legado-de-astor\/#breadcrumb\"},\"inLanguage\":\"es-CL\",\"potentialAction\":[{\"@type\":\"ReadAction\",\"target\":[\"https:\/\/projazz.cl\/web\/pipi-piazzolla-en-la-otra-clave-crecer-entre-bombos-tiburones-y-el-legado-de-astor\/\"]}]},{\"@type\":\"ImageObject\",\"inLanguage\":\"es-CL\",\"@id\":\"https:\/\/projazz.cl\/web\/pipi-piazzolla-en-la-otra-clave-crecer-entre-bombos-tiburones-y-el-legado-de-astor\/#primaryimage\",\"url\":\"https:\/\/projazz.cl\/web\/wp-content\/uploads\/2026\/05\/WhatsApp-Image-2026-05-02-at-12.54.21-2.jpeg\",\"contentUrl\":\"https:\/\/projazz.cl\/web\/wp-content\/uploads\/2026\/05\/WhatsApp-Image-2026-05-02-at-12.54.21-2.jpeg\",\"width\":1200,\"height\":1600},{\"@type\":\"BreadcrumbList\",\"@id\":\"https:\/\/projazz.cl\/web\/pipi-piazzolla-en-la-otra-clave-crecer-entre-bombos-tiburones-y-el-legado-de-astor\/#breadcrumb\",\"itemListElement\":[{\"@type\":\"ListItem\",\"position\":1,\"name\":\"Portada\",\"item\":\"https:\/\/projazz.cl\/web\/\"},{\"@type\":\"ListItem\",\"position\":2,\"name\":\"Pipi Piazzolla en\u00a0La otra clave: crecer entre bombos, tiburones y el legado de Astor\u00a0\"}]},{\"@type\":\"WebSite\",\"@id\":\"https:\/\/projazz.cl\/web\/#website\",\"url\":\"https:\/\/projazz.cl\/web\/\",\"name\":\"Projazz\",\"description\":\"Instituto Profesional \",\"publisher\":{\"@id\":\"https:\/\/projazz.cl\/web\/#organization\"},\"potentialAction\":[{\"@type\":\"SearchAction\",\"target\":{\"@type\":\"EntryPoint\",\"urlTemplate\":\"https:\/\/projazz.cl\/web\/?s={search_term_string}\"},\"query-input\":{\"@type\":\"PropertyValueSpecification\",\"valueRequired\":true,\"valueName\":\"search_term_string\"}}],\"inLanguage\":\"es-CL\"},{\"@type\":\"Organization\",\"@id\":\"https:\/\/projazz.cl\/web\/#organization\",\"name\":\"Projazz\",\"url\":\"https:\/\/projazz.cl\/web\/\",\"logo\":{\"@type\":\"ImageObject\",\"inLanguage\":\"es-CL\",\"@id\":\"https:\/\/projazz.cl\/web\/#\/schema\/logo\/image\/\",\"url\":\"https:\/\/projazz.cl\/web\/wp-content\/uploads\/2024\/10\/brand-projazz2.svg\",\"contentUrl\":\"https:\/\/projazz.cl\/web\/wp-content\/uploads\/2024\/10\/brand-projazz2.svg\",\"width\":161,\"height\":41,\"caption\":\"Projazz\"},\"image\":{\"@id\":\"https:\/\/projazz.cl\/web\/#\/schema\/logo\/image\/\"},\"sameAs\":[\"https:\/\/www.facebook.com\/projazzchile\",\"https:\/\/www.instagram.com\/projazzchile\"]},{\"@type\":\"Person\",\"@id\":\"https:\/\/projazz.cl\/web\/#\/schema\/person\/e8f59c9a6d61dfc7ff356d672db453f8\",\"name\":\"jcampos\",\"image\":{\"@type\":\"ImageObject\",\"inLanguage\":\"es-CL\",\"@id\":\"https:\/\/projazz.cl\/web\/#\/schema\/person\/image\/\",\"url\":\"https:\/\/secure.gravatar.com\/avatar\/5982436324a41ee489dd6e32b04f694f1ff5bd0b926ec80f929beb7441b69904?s=96&d=mm&r=g\",\"contentUrl\":\"https:\/\/secure.gravatar.com\/avatar\/5982436324a41ee489dd6e32b04f694f1ff5bd0b926ec80f929beb7441b69904?s=96&d=mm&r=g\",\"caption\":\"jcampos\"},\"sameAs\":[\"https:\/\/alapar.cl\/projazzweb\"],\"url\":\"https:\/\/projazz.cl\/web\/author\/jcampos\/\"}]}<\/script>\n<!-- \/ Yoast SEO plugin. -->","yoast_head_json":{"title":"Pipi Piazzolla en\u00a0La otra clave: crecer entre bombos, tiburones y el legado de Astor\u00a0 - Projazz","robots":{"index":"index","follow":"follow","max-snippet":"max-snippet:-1","max-image-preview":"max-image-preview:large","max-video-preview":"max-video-preview:-1"},"canonical":"https:\/\/projazz.cl\/web\/pipi-piazzolla-en-la-otra-clave-crecer-entre-bombos-tiburones-y-el-legado-de-astor\/","og_locale":"es_ES","og_type":"article","og_title":"Pipi Piazzolla en\u00a0La otra clave: crecer entre bombos, tiburones y el legado de Astor\u00a0 - Projazz","og_description":"El baterista, compositor y docente argentino Daniel &#8220;Pipi&#8221; Piazzolla convers\u00f3 con Sebasti\u00e1n Prado, destacado guitarrista y coordinador acad\u00e9mico de IP&nbsp;Projazz,&nbsp;&nbsp;en el programa&nbsp;La otra clave, grabado en el Centro Comunitario Matta Sur de Santiago, gracias a la gesti\u00f3n conjunta de Fundaci\u00f3n&nbsp;Zella&nbsp;y&nbsp;Drumdealer.&nbsp; Nieto de Astor Piazzolla y l\u00edder del grupo&nbsp;Escalandrum, Pipi dej\u00f3 varias ideas que vale la &hellip; Pipi Piazzolla en\u00a0La otra clave: crecer entre bombos, tiburones y el legado de Astor\u00a0 Read More &raquo;","og_url":"https:\/\/projazz.cl\/web\/pipi-piazzolla-en-la-otra-clave-crecer-entre-bombos-tiburones-y-el-legado-de-astor\/","og_site_name":"Projazz","article_publisher":"https:\/\/www.facebook.com\/projazzchile","article_published_time":"2026-05-02T16:58:30+00:00","article_modified_time":"2026-05-02T16:59:42+00:00","og_image":[{"width":1200,"height":1600,"url":"https:\/\/projazz.cl\/web\/wp-content\/uploads\/2026\/05\/WhatsApp-Image-2026-05-02-at-12.54.21-2.jpeg","type":"image\/jpeg"}],"author":"jcampos","twitter_card":"summary_large_image","twitter_misc":{"Escrito por":"jcampos","Tiempo estimado de lectura":"4 minutos"},"schema":{"@context":"https:\/\/schema.org","@graph":[{"@type":"Article","@id":"https:\/\/projazz.cl\/web\/pipi-piazzolla-en-la-otra-clave-crecer-entre-bombos-tiburones-y-el-legado-de-astor\/#article","isPartOf":{"@id":"https:\/\/projazz.cl\/web\/pipi-piazzolla-en-la-otra-clave-crecer-entre-bombos-tiburones-y-el-legado-de-astor\/"},"author":{"name":"jcampos","@id":"https:\/\/projazz.cl\/web\/#\/schema\/person\/e8f59c9a6d61dfc7ff356d672db453f8"},"headline":"Pipi Piazzolla en\u00a0La otra clave: crecer entre bombos, tiburones y el legado de Astor\u00a0","datePublished":"2026-05-02T16:58:30+00:00","dateModified":"2026-05-02T16:59:42+00:00","mainEntityOfPage":{"@id":"https:\/\/projazz.cl\/web\/pipi-piazzolla-en-la-otra-clave-crecer-entre-bombos-tiburones-y-el-legado-de-astor\/"},"wordCount":778,"commentCount":0,"publisher":{"@id":"https:\/\/projazz.cl\/web\/#organization"},"image":{"@id":"https:\/\/projazz.cl\/web\/pipi-piazzolla-en-la-otra-clave-crecer-entre-bombos-tiburones-y-el-legado-de-astor\/#primaryimage"},"thumbnailUrl":"https:\/\/projazz.cl\/web\/wp-content\/uploads\/2026\/05\/WhatsApp-Image-2026-05-02-at-12.54.21-2.jpeg","articleSection":["Noticias"],"inLanguage":"es-CL","potentialAction":[{"@type":"CommentAction","name":"Comment","target":["https:\/\/projazz.cl\/web\/pipi-piazzolla-en-la-otra-clave-crecer-entre-bombos-tiburones-y-el-legado-de-astor\/#respond"]}]},{"@type":"WebPage","@id":"https:\/\/projazz.cl\/web\/pipi-piazzolla-en-la-otra-clave-crecer-entre-bombos-tiburones-y-el-legado-de-astor\/","url":"https:\/\/projazz.cl\/web\/pipi-piazzolla-en-la-otra-clave-crecer-entre-bombos-tiburones-y-el-legado-de-astor\/","name":"Pipi Piazzolla en\u00a0La otra clave: crecer entre bombos, tiburones y el legado de Astor\u00a0 - Projazz","isPartOf":{"@id":"https:\/\/projazz.cl\/web\/#website"},"primaryImageOfPage":{"@id":"https:\/\/projazz.cl\/web\/pipi-piazzolla-en-la-otra-clave-crecer-entre-bombos-tiburones-y-el-legado-de-astor\/#primaryimage"},"image":{"@id":"https:\/\/projazz.cl\/web\/pipi-piazzolla-en-la-otra-clave-crecer-entre-bombos-tiburones-y-el-legado-de-astor\/#primaryimage"},"thumbnailUrl":"https:\/\/projazz.cl\/web\/wp-content\/uploads\/2026\/05\/WhatsApp-Image-2026-05-02-at-12.54.21-2.jpeg","datePublished":"2026-05-02T16:58:30+00:00","dateModified":"2026-05-02T16:59:42+00:00","breadcrumb":{"@id":"https:\/\/projazz.cl\/web\/pipi-piazzolla-en-la-otra-clave-crecer-entre-bombos-tiburones-y-el-legado-de-astor\/#breadcrumb"},"inLanguage":"es-CL","potentialAction":[{"@type":"ReadAction","target":["https:\/\/projazz.cl\/web\/pipi-piazzolla-en-la-otra-clave-crecer-entre-bombos-tiburones-y-el-legado-de-astor\/"]}]},{"@type":"ImageObject","inLanguage":"es-CL","@id":"https:\/\/projazz.cl\/web\/pipi-piazzolla-en-la-otra-clave-crecer-entre-bombos-tiburones-y-el-legado-de-astor\/#primaryimage","url":"https:\/\/projazz.cl\/web\/wp-content\/uploads\/2026\/05\/WhatsApp-Image-2026-05-02-at-12.54.21-2.jpeg","contentUrl":"https:\/\/projazz.cl\/web\/wp-content\/uploads\/2026\/05\/WhatsApp-Image-2026-05-02-at-12.54.21-2.jpeg","width":1200,"height":1600},{"@type":"BreadcrumbList","@id":"https:\/\/projazz.cl\/web\/pipi-piazzolla-en-la-otra-clave-crecer-entre-bombos-tiburones-y-el-legado-de-astor\/#breadcrumb","itemListElement":[{"@type":"ListItem","position":1,"name":"Portada","item":"https:\/\/projazz.cl\/web\/"},{"@type":"ListItem","position":2,"name":"Pipi Piazzolla en\u00a0La otra clave: crecer entre bombos, tiburones y el legado de Astor\u00a0"}]},{"@type":"WebSite","@id":"https:\/\/projazz.cl\/web\/#website","url":"https:\/\/projazz.cl\/web\/","name":"Projazz","description":"Instituto Profesional ","publisher":{"@id":"https:\/\/projazz.cl\/web\/#organization"},"potentialAction":[{"@type":"SearchAction","target":{"@type":"EntryPoint","urlTemplate":"https:\/\/projazz.cl\/web\/?s={search_term_string}"},"query-input":{"@type":"PropertyValueSpecification","valueRequired":true,"valueName":"search_term_string"}}],"inLanguage":"es-CL"},{"@type":"Organization","@id":"https:\/\/projazz.cl\/web\/#organization","name":"Projazz","url":"https:\/\/projazz.cl\/web\/","logo":{"@type":"ImageObject","inLanguage":"es-CL","@id":"https:\/\/projazz.cl\/web\/#\/schema\/logo\/image\/","url":"https:\/\/projazz.cl\/web\/wp-content\/uploads\/2024\/10\/brand-projazz2.svg","contentUrl":"https:\/\/projazz.cl\/web\/wp-content\/uploads\/2024\/10\/brand-projazz2.svg","width":161,"height":41,"caption":"Projazz"},"image":{"@id":"https:\/\/projazz.cl\/web\/#\/schema\/logo\/image\/"},"sameAs":["https:\/\/www.facebook.com\/projazzchile","https:\/\/www.instagram.com\/projazzchile"]},{"@type":"Person","@id":"https:\/\/projazz.cl\/web\/#\/schema\/person\/e8f59c9a6d61dfc7ff356d672db453f8","name":"jcampos","image":{"@type":"ImageObject","inLanguage":"es-CL","@id":"https:\/\/projazz.cl\/web\/#\/schema\/person\/image\/","url":"https:\/\/secure.gravatar.com\/avatar\/5982436324a41ee489dd6e32b04f694f1ff5bd0b926ec80f929beb7441b69904?s=96&d=mm&r=g","contentUrl":"https:\/\/secure.gravatar.com\/avatar\/5982436324a41ee489dd6e32b04f694f1ff5bd0b926ec80f929beb7441b69904?s=96&d=mm&r=g","caption":"jcampos"},"sameAs":["https:\/\/alapar.cl\/projazzweb"],"url":"https:\/\/projazz.cl\/web\/author\/jcampos\/"}]}},"_links":{"self":[{"href":"https:\/\/projazz.cl\/web\/wp-json\/wp\/v2\/posts\/8471","targetHints":{"allow":["GET"]}}],"collection":[{"href":"https:\/\/projazz.cl\/web\/wp-json\/wp\/v2\/posts"}],"about":[{"href":"https:\/\/projazz.cl\/web\/wp-json\/wp\/v2\/types\/post"}],"author":[{"embeddable":true,"href":"https:\/\/projazz.cl\/web\/wp-json\/wp\/v2\/users\/1"}],"replies":[{"embeddable":true,"href":"https:\/\/projazz.cl\/web\/wp-json\/wp\/v2\/comments?post=8471"}],"version-history":[{"count":2,"href":"https:\/\/projazz.cl\/web\/wp-json\/wp\/v2\/posts\/8471\/revisions"}],"predecessor-version":[{"id":8475,"href":"https:\/\/projazz.cl\/web\/wp-json\/wp\/v2\/posts\/8471\/revisions\/8475"}],"wp:featuredmedia":[{"embeddable":true,"href":"https:\/\/projazz.cl\/web\/wp-json\/wp\/v2\/media\/8472"}],"wp:attachment":[{"href":"https:\/\/projazz.cl\/web\/wp-json\/wp\/v2\/media?parent=8471"}],"wp:term":[{"taxonomy":"category","embeddable":true,"href":"https:\/\/projazz.cl\/web\/wp-json\/wp\/v2\/categories?post=8471"},{"taxonomy":"post_tag","embeddable":true,"href":"https:\/\/projazz.cl\/web\/wp-json\/wp\/v2\/tags?post=8471"}],"curies":[{"name":"wp","href":"https:\/\/api.w.org\/{rel}","templated":true}]}}