{"id":8466,"date":"2026-05-01T20:47:17","date_gmt":"2026-05-01T23:47:17","guid":{"rendered":"https:\/\/projazz.cl\/web\/?p=8466"},"modified":"2026-05-02T15:57:32","modified_gmt":"2026-05-02T18:57:32","slug":"tremendo-concierto-de-jazzfluencers-en-teatro-ubo","status":"publish","type":"post","link":"https:\/\/projazz.cl\/web\/tremendo-concierto-de-jazzfluencers-en-teatro-ubo\/","title":{"rendered":"\u00a0\u00a1Tremendo concierto de\u00a0Jazzfluencers\u00a0en Teatro UBO!\u00a0"},"content":{"rendered":"\n<figure class=\"wp-block-gallery has-nested-images columns-default is-cropped wp-block-gallery-1 is-layout-flex wp-block-gallery-is-layout-flex\">\n<figure class=\"wp-block-image size-large\"><img fetchpriority=\"high\" decoding=\"async\" width=\"1024\" height=\"362\" data-id=\"8468\" src=\"https:\/\/projazz.cl\/web\/wp-content\/uploads\/2026\/05\/jazzfluencer1-1024x362.png\" alt=\"\" class=\"wp-image-8468\" srcset=\"https:\/\/projazz.cl\/web\/wp-content\/uploads\/2026\/05\/jazzfluencer1-1024x362.png 1024w, https:\/\/projazz.cl\/web\/wp-content\/uploads\/2026\/05\/jazzfluencer1-300x106.png 300w, https:\/\/projazz.cl\/web\/wp-content\/uploads\/2026\/05\/jazzfluencer1-768x272.png 768w, https:\/\/projazz.cl\/web\/wp-content\/uploads\/2026\/05\/jazzfluencer1-1536x543.png 1536w, https:\/\/projazz.cl\/web\/wp-content\/uploads\/2026\/05\/jazzfluencer1.png 1648w\" sizes=\"(max-width: 1024px) 100vw, 1024px\" \/><\/figure>\n\n\n\n<figure class=\"wp-block-image size-large\"><img decoding=\"async\" width=\"1024\" height=\"469\" data-id=\"8467\" src=\"https:\/\/projazz.cl\/web\/wp-content\/uploads\/2026\/05\/jazzfluencer2-1024x469.png\" alt=\"\" class=\"wp-image-8467\" srcset=\"https:\/\/projazz.cl\/web\/wp-content\/uploads\/2026\/05\/jazzfluencer2-1024x469.png 1024w, https:\/\/projazz.cl\/web\/wp-content\/uploads\/2026\/05\/jazzfluencer2-300x137.png 300w, https:\/\/projazz.cl\/web\/wp-content\/uploads\/2026\/05\/jazzfluencer2-768x352.png 768w, https:\/\/projazz.cl\/web\/wp-content\/uploads\/2026\/05\/jazzfluencer2-1536x704.png 1536w, https:\/\/projazz.cl\/web\/wp-content\/uploads\/2026\/05\/jazzfluencer2.png 1552w\" sizes=\"(max-width: 1024px) 100vw, 1024px\" \/><\/figure>\n<\/figure>\n\n\n\n<p>El desaf\u00edo era grande: montar en tres semanas un repertorio que mostrara la historia del jazz a trav\u00e9s de las innovaciones tecnol\u00f3gicas.&nbsp;<\/p>\n\n\n\n<p>El concepto propuesto por Federico&nbsp;Dannemann, su director&nbsp;musical, prendi\u00f3&nbsp;pronto&nbsp;y tema tras&nbsp;tema descubrieron&nbsp;el&nbsp;cambio en las tecnolog\u00edas de grabaci\u00f3n o difusi\u00f3n&nbsp;que acompa\u00f1\u00f3 a cada creaci\u00f3n: desde la m\u00fasica que naci\u00f3 sin imaginar que alg\u00fan d\u00eda iba a poder ser grabada, hasta las que gozan del&nbsp;streaming&nbsp;para llegar de&nbsp;oido&nbsp;en&nbsp;oido&nbsp;a lo largo y ancho del mundo.&nbsp;<\/p>\n\n\n\n<p>Te compartimos im\u00e1genes del evento y felicitamos a sus integrantes:&nbsp;&nbsp;<\/p>\n\n\n\n<p>Fernanda Veas \/ Voz&nbsp;<\/p>\n\n\n\n<p>Edward Boza \/ Trompeta&nbsp;&nbsp;<\/p>\n\n\n\n<p>Francisco Gallegos \/ Saxof\u00f3n tenor&nbsp;<\/p>\n\n\n\n<p>Daniel Z\u00fa\u00f1iga \/ Tromb\u00f3n&nbsp;&nbsp;<\/p>\n\n\n\n<p>Eduardo Monge \/ Guitarra el\u00e9ctrica\/ guion t\u00e9cnico&nbsp;<\/p>\n\n\n\n<p>Anita Arenas \/ Piano&nbsp;<\/p>\n\n\n\n<p>Ignacio Miranda \/ Contrabajo&nbsp;&nbsp;<\/p>\n\n\n\n<p>Jon\u00e1s Zamorano \/ Bater\u00eda&nbsp;<\/p>\n\n\n\n<p>Agradecemos tambi\u00e9n las gestiones de nuestro coordinador acad\u00e9mico Sebasti\u00e1n Prado y por supuesto, la amable invitaci\u00f3n de Claudia Vera, directora de extensi\u00f3n de la Universidad Bernardo O\u00b4Higgins.&nbsp;<\/p>\n\n\n\n<p>Una celebraci\u00f3n\u00a0por todo lo alto\u00a0del d\u00eda internacional del jazz, que adem\u00e1s qued\u00f3 ingresada en la plataforma organizadora del evento.\u00a0\u00a0<\/p>\n","protected":false},"excerpt":{"rendered":"<p>El desaf\u00edo era grande: montar en tres semanas un repertorio que mostrara la historia del jazz a trav\u00e9s de las innovaciones tecnol\u00f3gicas.&nbsp; El concepto propuesto por Federico&nbsp;Dannemann, su director&nbsp;musical, prendi\u00f3&nbsp;pronto&nbsp;y tema tras&nbsp;tema descubrieron&nbsp;el&nbsp;cambio en las tecnolog\u00edas de grabaci\u00f3n o difusi\u00f3n&nbsp;que acompa\u00f1\u00f3 a cada creaci\u00f3n: desde la m\u00fasica que naci\u00f3 sin imaginar que alg\u00fan d\u00eda iba &hellip;<\/p>\n<p class=\"read-more\"> <a class=\"\" href=\"https:\/\/projazz.cl\/web\/tremendo-concierto-de-jazzfluencers-en-teatro-ubo\/\"> <span class=\"screen-reader-text\">\u00a0\u00a1Tremendo concierto de\u00a0Jazzfluencers\u00a0en Teatro UBO!\u00a0<\/span> Read More &raquo;<\/a><\/p>\n","protected":false},"author":1,"featured_media":8467,"comment_status":"open","ping_status":"open","sticky":false,"template":"","format":"standard","meta":{"footnotes":""},"categories":[14],"tags":[],"class_list":["post-8466","post","type-post","status-publish","format-standard","has-post-thumbnail","hentry","category-noticias"],"yoast_head":"<!-- This site is optimized with the Yoast SEO plugin v26.3 - https:\/\/yoast.com\/wordpress\/plugins\/seo\/ -->\n<title>\u00a0\u00a1Tremendo concierto de\u00a0Jazzfluencers\u00a0en Teatro UBO!\u00a0 - Projazz<\/title>\n<meta name=\"robots\" content=\"index, follow, max-snippet:-1, max-image-preview:large, max-video-preview:-1\" \/>\n<link rel=\"canonical\" href=\"https:\/\/projazz.cl\/web\/tremendo-concierto-de-jazzfluencers-en-teatro-ubo\/\" \/>\n<meta property=\"og:locale\" content=\"es_ES\" \/>\n<meta property=\"og:type\" content=\"article\" \/>\n<meta property=\"og:title\" content=\"\u00a0\u00a1Tremendo concierto de\u00a0Jazzfluencers\u00a0en Teatro UBO!\u00a0 - Projazz\" \/>\n<meta property=\"og:description\" content=\"El desaf\u00edo era grande: montar en tres semanas un repertorio que mostrara la historia del jazz a trav\u00e9s de las innovaciones tecnol\u00f3gicas.&nbsp; El concepto propuesto por Federico&nbsp;Dannemann, su director&nbsp;musical, prendi\u00f3&nbsp;pronto&nbsp;y tema tras&nbsp;tema descubrieron&nbsp;el&nbsp;cambio en las tecnolog\u00edas de grabaci\u00f3n o difusi\u00f3n&nbsp;que acompa\u00f1\u00f3 a cada creaci\u00f3n: desde la m\u00fasica que naci\u00f3 sin imaginar que alg\u00fan d\u00eda iba &hellip; \u00a0\u00a1Tremendo concierto de\u00a0Jazzfluencers\u00a0en Teatro UBO!\u00a0 Read More &raquo;\" \/>\n<meta property=\"og:url\" content=\"https:\/\/projazz.cl\/web\/tremendo-concierto-de-jazzfluencers-en-teatro-ubo\/\" \/>\n<meta property=\"og:site_name\" content=\"Projazz\" \/>\n<meta property=\"article:publisher\" content=\"https:\/\/www.facebook.com\/projazzchile\" \/>\n<meta property=\"article:published_time\" content=\"2026-05-01T23:47:17+00:00\" \/>\n<meta property=\"article:modified_time\" content=\"2026-05-02T18:57:32+00:00\" \/>\n<meta property=\"og:image\" content=\"https:\/\/projazz.cl\/web\/wp-content\/uploads\/2026\/05\/jazzfluencer2.png\" \/>\n\t<meta property=\"og:image:width\" content=\"1552\" \/>\n\t<meta property=\"og:image:height\" content=\"711\" \/>\n\t<meta property=\"og:image:type\" content=\"image\/png\" \/>\n<meta name=\"author\" content=\"jcampos\" \/>\n<meta name=\"twitter:card\" content=\"summary_large_image\" \/>\n<meta name=\"twitter:label1\" content=\"Escrito por\" \/>\n\t<meta name=\"twitter:data1\" content=\"jcampos\" \/>\n\t<meta name=\"twitter:label2\" content=\"Tiempo estimado de lectura\" \/>\n\t<meta name=\"twitter:data2\" content=\"2 minutos\" \/>\n<script type=\"application\/ld+json\" class=\"yoast-schema-graph\">{\"@context\":\"https:\/\/schema.org\",\"@graph\":[{\"@type\":\"Article\",\"@id\":\"https:\/\/projazz.cl\/web\/tremendo-concierto-de-jazzfluencers-en-teatro-ubo\/#article\",\"isPartOf\":{\"@id\":\"https:\/\/projazz.cl\/web\/tremendo-concierto-de-jazzfluencers-en-teatro-ubo\/\"},\"author\":{\"name\":\"jcampos\",\"@id\":\"https:\/\/projazz.cl\/web\/#\/schema\/person\/e8f59c9a6d61dfc7ff356d672db453f8\"},\"headline\":\"\u00a0\u00a1Tremendo concierto de\u00a0Jazzfluencers\u00a0en Teatro UBO!\u00a0\",\"datePublished\":\"2026-05-01T23:47:17+00:00\",\"dateModified\":\"2026-05-02T18:57:32+00:00\",\"mainEntityOfPage\":{\"@id\":\"https:\/\/projazz.cl\/web\/tremendo-concierto-de-jazzfluencers-en-teatro-ubo\/\"},\"wordCount\":236,\"commentCount\":0,\"publisher\":{\"@id\":\"https:\/\/projazz.cl\/web\/#organization\"},\"image\":{\"@id\":\"https:\/\/projazz.cl\/web\/tremendo-concierto-de-jazzfluencers-en-teatro-ubo\/#primaryimage\"},\"thumbnailUrl\":\"https:\/\/projazz.cl\/web\/wp-content\/uploads\/2026\/05\/jazzfluencer2.png\",\"articleSection\":[\"Noticias\"],\"inLanguage\":\"es-CL\",\"potentialAction\":[{\"@type\":\"CommentAction\",\"name\":\"Comment\",\"target\":[\"https:\/\/projazz.cl\/web\/tremendo-concierto-de-jazzfluencers-en-teatro-ubo\/#respond\"]}]},{\"@type\":\"WebPage\",\"@id\":\"https:\/\/projazz.cl\/web\/tremendo-concierto-de-jazzfluencers-en-teatro-ubo\/\",\"url\":\"https:\/\/projazz.cl\/web\/tremendo-concierto-de-jazzfluencers-en-teatro-ubo\/\",\"name\":\"\u00a0\u00a1Tremendo concierto de\u00a0Jazzfluencers\u00a0en Teatro UBO!\u00a0 - Projazz\",\"isPartOf\":{\"@id\":\"https:\/\/projazz.cl\/web\/#website\"},\"primaryImageOfPage\":{\"@id\":\"https:\/\/projazz.cl\/web\/tremendo-concierto-de-jazzfluencers-en-teatro-ubo\/#primaryimage\"},\"image\":{\"@id\":\"https:\/\/projazz.cl\/web\/tremendo-concierto-de-jazzfluencers-en-teatro-ubo\/#primaryimage\"},\"thumbnailUrl\":\"https:\/\/projazz.cl\/web\/wp-content\/uploads\/2026\/05\/jazzfluencer2.png\",\"datePublished\":\"2026-05-01T23:47:17+00:00\",\"dateModified\":\"2026-05-02T18:57:32+00:00\",\"breadcrumb\":{\"@id\":\"https:\/\/projazz.cl\/web\/tremendo-concierto-de-jazzfluencers-en-teatro-ubo\/#breadcrumb\"},\"inLanguage\":\"es-CL\",\"potentialAction\":[{\"@type\":\"ReadAction\",\"target\":[\"https:\/\/projazz.cl\/web\/tremendo-concierto-de-jazzfluencers-en-teatro-ubo\/\"]}]},{\"@type\":\"ImageObject\",\"inLanguage\":\"es-CL\",\"@id\":\"https:\/\/projazz.cl\/web\/tremendo-concierto-de-jazzfluencers-en-teatro-ubo\/#primaryimage\",\"url\":\"https:\/\/projazz.cl\/web\/wp-content\/uploads\/2026\/05\/jazzfluencer2.png\",\"contentUrl\":\"https:\/\/projazz.cl\/web\/wp-content\/uploads\/2026\/05\/jazzfluencer2.png\",\"width\":1552,\"height\":711},{\"@type\":\"BreadcrumbList\",\"@id\":\"https:\/\/projazz.cl\/web\/tremendo-concierto-de-jazzfluencers-en-teatro-ubo\/#breadcrumb\",\"itemListElement\":[{\"@type\":\"ListItem\",\"position\":1,\"name\":\"Portada\",\"item\":\"https:\/\/projazz.cl\/web\/\"},{\"@type\":\"ListItem\",\"position\":2,\"name\":\"\u00a0\u00a1Tremendo concierto de\u00a0Jazzfluencers\u00a0en Teatro UBO!\u00a0\"}]},{\"@type\":\"WebSite\",\"@id\":\"https:\/\/projazz.cl\/web\/#website\",\"url\":\"https:\/\/projazz.cl\/web\/\",\"name\":\"Projazz\",\"description\":\"Instituto Profesional \",\"publisher\":{\"@id\":\"https:\/\/projazz.cl\/web\/#organization\"},\"potentialAction\":[{\"@type\":\"SearchAction\",\"target\":{\"@type\":\"EntryPoint\",\"urlTemplate\":\"https:\/\/projazz.cl\/web\/?s={search_term_string}\"},\"query-input\":{\"@type\":\"PropertyValueSpecification\",\"valueRequired\":true,\"valueName\":\"search_term_string\"}}],\"inLanguage\":\"es-CL\"},{\"@type\":\"Organization\",\"@id\":\"https:\/\/projazz.cl\/web\/#organization\",\"name\":\"Projazz\",\"url\":\"https:\/\/projazz.cl\/web\/\",\"logo\":{\"@type\":\"ImageObject\",\"inLanguage\":\"es-CL\",\"@id\":\"https:\/\/projazz.cl\/web\/#\/schema\/logo\/image\/\",\"url\":\"https:\/\/projazz.cl\/web\/wp-content\/uploads\/2024\/10\/brand-projazz2.svg\",\"contentUrl\":\"https:\/\/projazz.cl\/web\/wp-content\/uploads\/2024\/10\/brand-projazz2.svg\",\"width\":161,\"height\":41,\"caption\":\"Projazz\"},\"image\":{\"@id\":\"https:\/\/projazz.cl\/web\/#\/schema\/logo\/image\/\"},\"sameAs\":[\"https:\/\/www.facebook.com\/projazzchile\",\"https:\/\/www.instagram.com\/projazzchile\"]},{\"@type\":\"Person\",\"@id\":\"https:\/\/projazz.cl\/web\/#\/schema\/person\/e8f59c9a6d61dfc7ff356d672db453f8\",\"name\":\"jcampos\",\"image\":{\"@type\":\"ImageObject\",\"inLanguage\":\"es-CL\",\"@id\":\"https:\/\/projazz.cl\/web\/#\/schema\/person\/image\/\",\"url\":\"https:\/\/secure.gravatar.com\/avatar\/5982436324a41ee489dd6e32b04f694f1ff5bd0b926ec80f929beb7441b69904?s=96&d=mm&r=g\",\"contentUrl\":\"https:\/\/secure.gravatar.com\/avatar\/5982436324a41ee489dd6e32b04f694f1ff5bd0b926ec80f929beb7441b69904?s=96&d=mm&r=g\",\"caption\":\"jcampos\"},\"sameAs\":[\"https:\/\/alapar.cl\/projazzweb\"],\"url\":\"https:\/\/projazz.cl\/web\/author\/jcampos\/\"}]}<\/script>\n<!-- \/ Yoast SEO plugin. -->","yoast_head_json":{"title":"\u00a0\u00a1Tremendo concierto de\u00a0Jazzfluencers\u00a0en Teatro UBO!\u00a0 - Projazz","robots":{"index":"index","follow":"follow","max-snippet":"max-snippet:-1","max-image-preview":"max-image-preview:large","max-video-preview":"max-video-preview:-1"},"canonical":"https:\/\/projazz.cl\/web\/tremendo-concierto-de-jazzfluencers-en-teatro-ubo\/","og_locale":"es_ES","og_type":"article","og_title":"\u00a0\u00a1Tremendo concierto de\u00a0Jazzfluencers\u00a0en Teatro UBO!\u00a0 - Projazz","og_description":"El desaf\u00edo era grande: montar en tres semanas un repertorio que mostrara la historia del jazz a trav\u00e9s de las innovaciones tecnol\u00f3gicas.&nbsp; El concepto propuesto por Federico&nbsp;Dannemann, su director&nbsp;musical, prendi\u00f3&nbsp;pronto&nbsp;y tema tras&nbsp;tema descubrieron&nbsp;el&nbsp;cambio en las tecnolog\u00edas de grabaci\u00f3n o difusi\u00f3n&nbsp;que acompa\u00f1\u00f3 a cada creaci\u00f3n: desde la m\u00fasica que naci\u00f3 sin imaginar que alg\u00fan d\u00eda iba &hellip; \u00a0\u00a1Tremendo concierto de\u00a0Jazzfluencers\u00a0en Teatro UBO!\u00a0 Read More &raquo;","og_url":"https:\/\/projazz.cl\/web\/tremendo-concierto-de-jazzfluencers-en-teatro-ubo\/","og_site_name":"Projazz","article_publisher":"https:\/\/www.facebook.com\/projazzchile","article_published_time":"2026-05-01T23:47:17+00:00","article_modified_time":"2026-05-02T18:57:32+00:00","og_image":[{"width":1552,"height":711,"url":"https:\/\/projazz.cl\/web\/wp-content\/uploads\/2026\/05\/jazzfluencer2.png","type":"image\/png"}],"author":"jcampos","twitter_card":"summary_large_image","twitter_misc":{"Escrito por":"jcampos","Tiempo estimado de lectura":"2 minutos"},"schema":{"@context":"https:\/\/schema.org","@graph":[{"@type":"Article","@id":"https:\/\/projazz.cl\/web\/tremendo-concierto-de-jazzfluencers-en-teatro-ubo\/#article","isPartOf":{"@id":"https:\/\/projazz.cl\/web\/tremendo-concierto-de-jazzfluencers-en-teatro-ubo\/"},"author":{"name":"jcampos","@id":"https:\/\/projazz.cl\/web\/#\/schema\/person\/e8f59c9a6d61dfc7ff356d672db453f8"},"headline":"\u00a0\u00a1Tremendo concierto de\u00a0Jazzfluencers\u00a0en Teatro UBO!\u00a0","datePublished":"2026-05-01T23:47:17+00:00","dateModified":"2026-05-02T18:57:32+00:00","mainEntityOfPage":{"@id":"https:\/\/projazz.cl\/web\/tremendo-concierto-de-jazzfluencers-en-teatro-ubo\/"},"wordCount":236,"commentCount":0,"publisher":{"@id":"https:\/\/projazz.cl\/web\/#organization"},"image":{"@id":"https:\/\/projazz.cl\/web\/tremendo-concierto-de-jazzfluencers-en-teatro-ubo\/#primaryimage"},"thumbnailUrl":"https:\/\/projazz.cl\/web\/wp-content\/uploads\/2026\/05\/jazzfluencer2.png","articleSection":["Noticias"],"inLanguage":"es-CL","potentialAction":[{"@type":"CommentAction","name":"Comment","target":["https:\/\/projazz.cl\/web\/tremendo-concierto-de-jazzfluencers-en-teatro-ubo\/#respond"]}]},{"@type":"WebPage","@id":"https:\/\/projazz.cl\/web\/tremendo-concierto-de-jazzfluencers-en-teatro-ubo\/","url":"https:\/\/projazz.cl\/web\/tremendo-concierto-de-jazzfluencers-en-teatro-ubo\/","name":"\u00a0\u00a1Tremendo concierto de\u00a0Jazzfluencers\u00a0en Teatro UBO!\u00a0 - Projazz","isPartOf":{"@id":"https:\/\/projazz.cl\/web\/#website"},"primaryImageOfPage":{"@id":"https:\/\/projazz.cl\/web\/tremendo-concierto-de-jazzfluencers-en-teatro-ubo\/#primaryimage"},"image":{"@id":"https:\/\/projazz.cl\/web\/tremendo-concierto-de-jazzfluencers-en-teatro-ubo\/#primaryimage"},"thumbnailUrl":"https:\/\/projazz.cl\/web\/wp-content\/uploads\/2026\/05\/jazzfluencer2.png","datePublished":"2026-05-01T23:47:17+00:00","dateModified":"2026-05-02T18:57:32+00:00","breadcrumb":{"@id":"https:\/\/projazz.cl\/web\/tremendo-concierto-de-jazzfluencers-en-teatro-ubo\/#breadcrumb"},"inLanguage":"es-CL","potentialAction":[{"@type":"ReadAction","target":["https:\/\/projazz.cl\/web\/tremendo-concierto-de-jazzfluencers-en-teatro-ubo\/"]}]},{"@type":"ImageObject","inLanguage":"es-CL","@id":"https:\/\/projazz.cl\/web\/tremendo-concierto-de-jazzfluencers-en-teatro-ubo\/#primaryimage","url":"https:\/\/projazz.cl\/web\/wp-content\/uploads\/2026\/05\/jazzfluencer2.png","contentUrl":"https:\/\/projazz.cl\/web\/wp-content\/uploads\/2026\/05\/jazzfluencer2.png","width":1552,"height":711},{"@type":"BreadcrumbList","@id":"https:\/\/projazz.cl\/web\/tremendo-concierto-de-jazzfluencers-en-teatro-ubo\/#breadcrumb","itemListElement":[{"@type":"ListItem","position":1,"name":"Portada","item":"https:\/\/projazz.cl\/web\/"},{"@type":"ListItem","position":2,"name":"\u00a0\u00a1Tremendo concierto de\u00a0Jazzfluencers\u00a0en Teatro UBO!\u00a0"}]},{"@type":"WebSite","@id":"https:\/\/projazz.cl\/web\/#website","url":"https:\/\/projazz.cl\/web\/","name":"Projazz","description":"Instituto Profesional ","publisher":{"@id":"https:\/\/projazz.cl\/web\/#organization"},"potentialAction":[{"@type":"SearchAction","target":{"@type":"EntryPoint","urlTemplate":"https:\/\/projazz.cl\/web\/?s={search_term_string}"},"query-input":{"@type":"PropertyValueSpecification","valueRequired":true,"valueName":"search_term_string"}}],"inLanguage":"es-CL"},{"@type":"Organization","@id":"https:\/\/projazz.cl\/web\/#organization","name":"Projazz","url":"https:\/\/projazz.cl\/web\/","logo":{"@type":"ImageObject","inLanguage":"es-CL","@id":"https:\/\/projazz.cl\/web\/#\/schema\/logo\/image\/","url":"https:\/\/projazz.cl\/web\/wp-content\/uploads\/2024\/10\/brand-projazz2.svg","contentUrl":"https:\/\/projazz.cl\/web\/wp-content\/uploads\/2024\/10\/brand-projazz2.svg","width":161,"height":41,"caption":"Projazz"},"image":{"@id":"https:\/\/projazz.cl\/web\/#\/schema\/logo\/image\/"},"sameAs":["https:\/\/www.facebook.com\/projazzchile","https:\/\/www.instagram.com\/projazzchile"]},{"@type":"Person","@id":"https:\/\/projazz.cl\/web\/#\/schema\/person\/e8f59c9a6d61dfc7ff356d672db453f8","name":"jcampos","image":{"@type":"ImageObject","inLanguage":"es-CL","@id":"https:\/\/projazz.cl\/web\/#\/schema\/person\/image\/","url":"https:\/\/secure.gravatar.com\/avatar\/5982436324a41ee489dd6e32b04f694f1ff5bd0b926ec80f929beb7441b69904?s=96&d=mm&r=g","contentUrl":"https:\/\/secure.gravatar.com\/avatar\/5982436324a41ee489dd6e32b04f694f1ff5bd0b926ec80f929beb7441b69904?s=96&d=mm&r=g","caption":"jcampos"},"sameAs":["https:\/\/alapar.cl\/projazzweb"],"url":"https:\/\/projazz.cl\/web\/author\/jcampos\/"}]}},"_links":{"self":[{"href":"https:\/\/projazz.cl\/web\/wp-json\/wp\/v2\/posts\/8466","targetHints":{"allow":["GET"]}}],"collection":[{"href":"https:\/\/projazz.cl\/web\/wp-json\/wp\/v2\/posts"}],"about":[{"href":"https:\/\/projazz.cl\/web\/wp-json\/wp\/v2\/types\/post"}],"author":[{"embeddable":true,"href":"https:\/\/projazz.cl\/web\/wp-json\/wp\/v2\/users\/1"}],"replies":[{"embeddable":true,"href":"https:\/\/projazz.cl\/web\/wp-json\/wp\/v2\/comments?post=8466"}],"version-history":[{"count":3,"href":"https:\/\/projazz.cl\/web\/wp-json\/wp\/v2\/posts\/8466\/revisions"}],"predecessor-version":[{"id":8477,"href":"https:\/\/projazz.cl\/web\/wp-json\/wp\/v2\/posts\/8466\/revisions\/8477"}],"wp:featuredmedia":[{"embeddable":true,"href":"https:\/\/projazz.cl\/web\/wp-json\/wp\/v2\/media\/8467"}],"wp:attachment":[{"href":"https:\/\/projazz.cl\/web\/wp-json\/wp\/v2\/media?parent=8466"}],"wp:term":[{"taxonomy":"category","embeddable":true,"href":"https:\/\/projazz.cl\/web\/wp-json\/wp\/v2\/categories?post=8466"},{"taxonomy":"post_tag","embeddable":true,"href":"https:\/\/projazz.cl\/web\/wp-json\/wp\/v2\/tags?post=8466"}],"curies":[{"name":"wp","href":"https:\/\/api.w.org\/{rel}","templated":true}]}}