{"id":820,"date":"2021-01-04T18:30:35","date_gmt":"2021-01-04T21:30:35","guid":{"rendered":"http:\/\/projazz.cl\/web\/?p=291"},"modified":"2025-12-10T18:07:04","modified_gmt":"2025-12-10T21:07:04","slug":"patricio-garcia","status":"publish","type":"post","link":"https:\/\/projazz.cl\/web\/patricio-garcia\/","title":{"rendered":"Patricio Garc\u00eda Portius"},"content":{"rendered":"\n<p>Productor musical &#8211; Guitarrista &#8211; Director de los sellos <strong>Inestable <\/strong>(iniciativa comunitaria en Pudahuel) y <strong>Santiago Records<\/strong> (enfocado en m\u00fasica pop chilena).<\/p>\n\n\n\n<p>Fundador y socio de <strong>Estudio Nutopia<\/strong>.<\/p>\n\n\n\n<p>Como productor, director musical e ingeniero de mezcla y masterizaci\u00f3n ha colaborado con artistas como Mon Laferte, Cantillana y los increibles, Nicole, Natalino, Felipe Grand\u00f3n y Jazm\u00edn G\u00f3mez entre otros.<\/p>\n\n\n\n<p>Compositor en proyectos audiovisuales, entre los que destaca el documental &#8220;Hawker Hunter: el ruido del silencio&#8221; de TVN y el corto &#8220;In the Stars&#8221; de la serie &#8220;Vision&#8221; de Star Wars de la productora PunkRobot Studio, ganadora del Oscar por &#8220;Historia de un oso&#8221;.<\/p>\n\n\n\n<p>Experiencia docente en IP Projazz.<\/p>\n\n\n\n<h2 class=\"wp-block-heading\">Asignatura<\/h2>\n\n\n\n<p>Audici\u00f3n Anal\u00edtica<br>Proyecto Estudio de Grabaci\u00f3n<br>Producci\u00f3n en Home Studio: Integraci\u00f3n Audio y MIDI<br>Producci\u00f3n en Home Studio: Audio Digital<br>Taller de Producci\u00f3n Musical<\/p>\n\n\n\n<h2 class=\"wp-block-heading\">Estudios profesionales<\/h2>\n\n\n\n<p>Ingeniero en Sonido \/ Universidad de las Am\u00e9ricas<br>Licenciado en Est\u00e9tica \/ Pontificia Universidad Cat\u00f3lica de Chile<br>Guitarra El\u00e9ctrica \/ Projazz<\/p>\n\n\n\n<h2 class=\"wp-block-heading\">Presentaciones y premios<\/h2>\n\n\n\n<p>Ganador de Altazor 2013 como productor por El Vacil\u00f3n de Combo Ginebra. Nominado Grammy Latino 2016 por Vol I de Mon Laferte. Ganador de Premio Pulsar 2017 por Los Planetas del Sistema Solar de Cosmos\u00f3nicos<\/p>\n\n\n\n<h2 class=\"wp-block-heading\">Enlaces<\/h2>\n\n\n\n<p><a href=\"https:\/\/www.linkedin.com\/in\/patricio-portius-garcia\">https:\/\/www.linkedin.com\/in\/patricio-portius-garcia<\/a><br><a href=\"https:\/\/www.patricioportius.com\n\">https:\/\/www.patricioportius.com<br><\/a><a href=\"https:\/\/www.estudionutopia.com\n\">https:\/\/www.estudionutopia.com<br><\/a><a href=\"https:\/\/www.santiagorecords.com\">https:\/\/www.santiagorecords.com<\/a><\/p>\n","protected":false},"excerpt":{"rendered":"<p>Producci\u00f3n Musical, Audici\u00f3n Anal\u00edtica<\/p>\n","protected":false},"author":1,"featured_media":821,"comment_status":"open","ping_status":"open","sticky":false,"template":"","format":"standard","meta":{"footnotes":""},"categories":[16,10,17],"tags":[],"class_list":["post-820","post","type-post","status-publish","format-standard","has-post-thumbnail","hentry","category-docentes-composicion-musical","category-docentes-interprete-en-jazz-musica-popular","category-docentes-produccion-musical"],"yoast_head":"<!-- This site is optimized with the Yoast SEO plugin v26.3 - https:\/\/yoast.com\/wordpress\/plugins\/seo\/ -->\n<title>Patricio Garc\u00eda Portius - Projazz<\/title>\n<meta name=\"robots\" content=\"index, follow, max-snippet:-1, max-image-preview:large, max-video-preview:-1\" \/>\n<link rel=\"canonical\" href=\"https:\/\/projazz.cl\/web\/patricio-garcia\/\" \/>\n<meta property=\"og:locale\" content=\"es_ES\" \/>\n<meta property=\"og:type\" content=\"article\" \/>\n<meta property=\"og:title\" content=\"Patricio Garc\u00eda Portius - Projazz\" \/>\n<meta property=\"og:description\" content=\"Producci\u00f3n Musical, Audici\u00f3n Anal\u00edtica\" \/>\n<meta property=\"og:url\" content=\"https:\/\/projazz.cl\/web\/patricio-garcia\/\" \/>\n<meta property=\"og:site_name\" content=\"Projazz\" \/>\n<meta property=\"article:publisher\" content=\"https:\/\/www.facebook.com\/projazzchile\" \/>\n<meta property=\"article:published_time\" content=\"2021-01-04T21:30:35+00:00\" \/>\n<meta property=\"article:modified_time\" content=\"2025-12-10T21:07:04+00:00\" \/>\n<meta property=\"og:image\" content=\"https:\/\/projazz.cl\/web\/wp-content\/uploads\/2020\/12\/Patricio-Garcia-1.jpg\" \/>\n\t<meta property=\"og:image:width\" content=\"600\" \/>\n\t<meta property=\"og:image:height\" content=\"870\" \/>\n\t<meta property=\"og:image:type\" content=\"image\/jpeg\" \/>\n<meta name=\"author\" content=\"jcampos\" \/>\n<meta name=\"twitter:card\" content=\"summary_large_image\" \/>\n<meta name=\"twitter:label1\" content=\"Escrito por\" \/>\n\t<meta name=\"twitter:data1\" content=\"jcampos\" \/>\n\t<meta name=\"twitter:label2\" content=\"Tiempo estimado de lectura\" \/>\n\t<meta name=\"twitter:data2\" content=\"2 minutos\" \/>\n<script type=\"application\/ld+json\" class=\"yoast-schema-graph\">{\"@context\":\"https:\/\/schema.org\",\"@graph\":[{\"@type\":\"Article\",\"@id\":\"https:\/\/projazz.cl\/web\/patricio-garcia\/#article\",\"isPartOf\":{\"@id\":\"https:\/\/projazz.cl\/web\/patricio-garcia\/\"},\"author\":{\"name\":\"jcampos\",\"@id\":\"https:\/\/projazz.cl\/web\/#\/schema\/person\/e8f59c9a6d61dfc7ff356d672db453f8\"},\"headline\":\"Patricio Garc\u00eda Portius\",\"datePublished\":\"2021-01-04T21:30:35+00:00\",\"dateModified\":\"2025-12-10T21:07:04+00:00\",\"mainEntityOfPage\":{\"@id\":\"https:\/\/projazz.cl\/web\/patricio-garcia\/\"},\"wordCount\":222,\"commentCount\":0,\"publisher\":{\"@id\":\"https:\/\/projazz.cl\/web\/#organization\"},\"image\":{\"@id\":\"https:\/\/projazz.cl\/web\/patricio-garcia\/#primaryimage\"},\"thumbnailUrl\":\"https:\/\/projazz.cl\/web\/wp-content\/uploads\/2020\/12\/Patricio-Garcia-1.jpg\",\"articleSection\":[\"Docentes Composici\u00f3n Musical\",\"Docentes Int\u00e9rprete en Jazz y M\u00fasica Popular\",\"Docentes Producci\u00f3n Musical\"],\"inLanguage\":\"es-CL\",\"potentialAction\":[{\"@type\":\"CommentAction\",\"name\":\"Comment\",\"target\":[\"https:\/\/projazz.cl\/web\/patricio-garcia\/#respond\"]}]},{\"@type\":\"WebPage\",\"@id\":\"https:\/\/projazz.cl\/web\/patricio-garcia\/\",\"url\":\"https:\/\/projazz.cl\/web\/patricio-garcia\/\",\"name\":\"Patricio Garc\u00eda Portius - Projazz\",\"isPartOf\":{\"@id\":\"https:\/\/projazz.cl\/web\/#website\"},\"primaryImageOfPage\":{\"@id\":\"https:\/\/projazz.cl\/web\/patricio-garcia\/#primaryimage\"},\"image\":{\"@id\":\"https:\/\/projazz.cl\/web\/patricio-garcia\/#primaryimage\"},\"thumbnailUrl\":\"https:\/\/projazz.cl\/web\/wp-content\/uploads\/2020\/12\/Patricio-Garcia-1.jpg\",\"datePublished\":\"2021-01-04T21:30:35+00:00\",\"dateModified\":\"2025-12-10T21:07:04+00:00\",\"breadcrumb\":{\"@id\":\"https:\/\/projazz.cl\/web\/patricio-garcia\/#breadcrumb\"},\"inLanguage\":\"es-CL\",\"potentialAction\":[{\"@type\":\"ReadAction\",\"target\":[\"https:\/\/projazz.cl\/web\/patricio-garcia\/\"]}]},{\"@type\":\"ImageObject\",\"inLanguage\":\"es-CL\",\"@id\":\"https:\/\/projazz.cl\/web\/patricio-garcia\/#primaryimage\",\"url\":\"https:\/\/projazz.cl\/web\/wp-content\/uploads\/2020\/12\/Patricio-Garcia-1.jpg\",\"contentUrl\":\"https:\/\/projazz.cl\/web\/wp-content\/uploads\/2020\/12\/Patricio-Garcia-1.jpg\",\"width\":600,\"height\":870},{\"@type\":\"BreadcrumbList\",\"@id\":\"https:\/\/projazz.cl\/web\/patricio-garcia\/#breadcrumb\",\"itemListElement\":[{\"@type\":\"ListItem\",\"position\":1,\"name\":\"Portada\",\"item\":\"https:\/\/projazz.cl\/web\/\"},{\"@type\":\"ListItem\",\"position\":2,\"name\":\"Patricio Garc\u00eda Portius\"}]},{\"@type\":\"WebSite\",\"@id\":\"https:\/\/projazz.cl\/web\/#website\",\"url\":\"https:\/\/projazz.cl\/web\/\",\"name\":\"Projazz\",\"description\":\"Instituto Profesional \",\"publisher\":{\"@id\":\"https:\/\/projazz.cl\/web\/#organization\"},\"potentialAction\":[{\"@type\":\"SearchAction\",\"target\":{\"@type\":\"EntryPoint\",\"urlTemplate\":\"https:\/\/projazz.cl\/web\/?s={search_term_string}\"},\"query-input\":{\"@type\":\"PropertyValueSpecification\",\"valueRequired\":true,\"valueName\":\"search_term_string\"}}],\"inLanguage\":\"es-CL\"},{\"@type\":\"Organization\",\"@id\":\"https:\/\/projazz.cl\/web\/#organization\",\"name\":\"Projazz\",\"url\":\"https:\/\/projazz.cl\/web\/\",\"logo\":{\"@type\":\"ImageObject\",\"inLanguage\":\"es-CL\",\"@id\":\"https:\/\/projazz.cl\/web\/#\/schema\/logo\/image\/\",\"url\":\"https:\/\/projazz.cl\/web\/wp-content\/uploads\/2024\/10\/brand-projazz2.svg\",\"contentUrl\":\"https:\/\/projazz.cl\/web\/wp-content\/uploads\/2024\/10\/brand-projazz2.svg\",\"width\":161,\"height\":41,\"caption\":\"Projazz\"},\"image\":{\"@id\":\"https:\/\/projazz.cl\/web\/#\/schema\/logo\/image\/\"},\"sameAs\":[\"https:\/\/www.facebook.com\/projazzchile\",\"https:\/\/www.instagram.com\/projazzchile\"]},{\"@type\":\"Person\",\"@id\":\"https:\/\/projazz.cl\/web\/#\/schema\/person\/e8f59c9a6d61dfc7ff356d672db453f8\",\"name\":\"jcampos\",\"image\":{\"@type\":\"ImageObject\",\"inLanguage\":\"es-CL\",\"@id\":\"https:\/\/projazz.cl\/web\/#\/schema\/person\/image\/\",\"url\":\"https:\/\/secure.gravatar.com\/avatar\/5982436324a41ee489dd6e32b04f694f1ff5bd0b926ec80f929beb7441b69904?s=96&d=mm&r=g\",\"contentUrl\":\"https:\/\/secure.gravatar.com\/avatar\/5982436324a41ee489dd6e32b04f694f1ff5bd0b926ec80f929beb7441b69904?s=96&d=mm&r=g\",\"caption\":\"jcampos\"},\"sameAs\":[\"https:\/\/alapar.cl\/projazzweb\"],\"url\":\"https:\/\/projazz.cl\/web\/author\/jcampos\/\"}]}<\/script>\n<!-- \/ Yoast SEO plugin. -->","yoast_head_json":{"title":"Patricio Garc\u00eda Portius - Projazz","robots":{"index":"index","follow":"follow","max-snippet":"max-snippet:-1","max-image-preview":"max-image-preview:large","max-video-preview":"max-video-preview:-1"},"canonical":"https:\/\/projazz.cl\/web\/patricio-garcia\/","og_locale":"es_ES","og_type":"article","og_title":"Patricio Garc\u00eda Portius - Projazz","og_description":"Producci\u00f3n Musical, Audici\u00f3n Anal\u00edtica","og_url":"https:\/\/projazz.cl\/web\/patricio-garcia\/","og_site_name":"Projazz","article_publisher":"https:\/\/www.facebook.com\/projazzchile","article_published_time":"2021-01-04T21:30:35+00:00","article_modified_time":"2025-12-10T21:07:04+00:00","og_image":[{"width":600,"height":870,"url":"https:\/\/projazz.cl\/web\/wp-content\/uploads\/2020\/12\/Patricio-Garcia-1.jpg","type":"image\/jpeg"}],"author":"jcampos","twitter_card":"summary_large_image","twitter_misc":{"Escrito por":"jcampos","Tiempo estimado de lectura":"2 minutos"},"schema":{"@context":"https:\/\/schema.org","@graph":[{"@type":"Article","@id":"https:\/\/projazz.cl\/web\/patricio-garcia\/#article","isPartOf":{"@id":"https:\/\/projazz.cl\/web\/patricio-garcia\/"},"author":{"name":"jcampos","@id":"https:\/\/projazz.cl\/web\/#\/schema\/person\/e8f59c9a6d61dfc7ff356d672db453f8"},"headline":"Patricio Garc\u00eda Portius","datePublished":"2021-01-04T21:30:35+00:00","dateModified":"2025-12-10T21:07:04+00:00","mainEntityOfPage":{"@id":"https:\/\/projazz.cl\/web\/patricio-garcia\/"},"wordCount":222,"commentCount":0,"publisher":{"@id":"https:\/\/projazz.cl\/web\/#organization"},"image":{"@id":"https:\/\/projazz.cl\/web\/patricio-garcia\/#primaryimage"},"thumbnailUrl":"https:\/\/projazz.cl\/web\/wp-content\/uploads\/2020\/12\/Patricio-Garcia-1.jpg","articleSection":["Docentes Composici\u00f3n Musical","Docentes Int\u00e9rprete en Jazz y M\u00fasica Popular","Docentes Producci\u00f3n Musical"],"inLanguage":"es-CL","potentialAction":[{"@type":"CommentAction","name":"Comment","target":["https:\/\/projazz.cl\/web\/patricio-garcia\/#respond"]}]},{"@type":"WebPage","@id":"https:\/\/projazz.cl\/web\/patricio-garcia\/","url":"https:\/\/projazz.cl\/web\/patricio-garcia\/","name":"Patricio Garc\u00eda Portius - Projazz","isPartOf":{"@id":"https:\/\/projazz.cl\/web\/#website"},"primaryImageOfPage":{"@id":"https:\/\/projazz.cl\/web\/patricio-garcia\/#primaryimage"},"image":{"@id":"https:\/\/projazz.cl\/web\/patricio-garcia\/#primaryimage"},"thumbnailUrl":"https:\/\/projazz.cl\/web\/wp-content\/uploads\/2020\/12\/Patricio-Garcia-1.jpg","datePublished":"2021-01-04T21:30:35+00:00","dateModified":"2025-12-10T21:07:04+00:00","breadcrumb":{"@id":"https:\/\/projazz.cl\/web\/patricio-garcia\/#breadcrumb"},"inLanguage":"es-CL","potentialAction":[{"@type":"ReadAction","target":["https:\/\/projazz.cl\/web\/patricio-garcia\/"]}]},{"@type":"ImageObject","inLanguage":"es-CL","@id":"https:\/\/projazz.cl\/web\/patricio-garcia\/#primaryimage","url":"https:\/\/projazz.cl\/web\/wp-content\/uploads\/2020\/12\/Patricio-Garcia-1.jpg","contentUrl":"https:\/\/projazz.cl\/web\/wp-content\/uploads\/2020\/12\/Patricio-Garcia-1.jpg","width":600,"height":870},{"@type":"BreadcrumbList","@id":"https:\/\/projazz.cl\/web\/patricio-garcia\/#breadcrumb","itemListElement":[{"@type":"ListItem","position":1,"name":"Portada","item":"https:\/\/projazz.cl\/web\/"},{"@type":"ListItem","position":2,"name":"Patricio Garc\u00eda Portius"}]},{"@type":"WebSite","@id":"https:\/\/projazz.cl\/web\/#website","url":"https:\/\/projazz.cl\/web\/","name":"Projazz","description":"Instituto Profesional ","publisher":{"@id":"https:\/\/projazz.cl\/web\/#organization"},"potentialAction":[{"@type":"SearchAction","target":{"@type":"EntryPoint","urlTemplate":"https:\/\/projazz.cl\/web\/?s={search_term_string}"},"query-input":{"@type":"PropertyValueSpecification","valueRequired":true,"valueName":"search_term_string"}}],"inLanguage":"es-CL"},{"@type":"Organization","@id":"https:\/\/projazz.cl\/web\/#organization","name":"Projazz","url":"https:\/\/projazz.cl\/web\/","logo":{"@type":"ImageObject","inLanguage":"es-CL","@id":"https:\/\/projazz.cl\/web\/#\/schema\/logo\/image\/","url":"https:\/\/projazz.cl\/web\/wp-content\/uploads\/2024\/10\/brand-projazz2.svg","contentUrl":"https:\/\/projazz.cl\/web\/wp-content\/uploads\/2024\/10\/brand-projazz2.svg","width":161,"height":41,"caption":"Projazz"},"image":{"@id":"https:\/\/projazz.cl\/web\/#\/schema\/logo\/image\/"},"sameAs":["https:\/\/www.facebook.com\/projazzchile","https:\/\/www.instagram.com\/projazzchile"]},{"@type":"Person","@id":"https:\/\/projazz.cl\/web\/#\/schema\/person\/e8f59c9a6d61dfc7ff356d672db453f8","name":"jcampos","image":{"@type":"ImageObject","inLanguage":"es-CL","@id":"https:\/\/projazz.cl\/web\/#\/schema\/person\/image\/","url":"https:\/\/secure.gravatar.com\/avatar\/5982436324a41ee489dd6e32b04f694f1ff5bd0b926ec80f929beb7441b69904?s=96&d=mm&r=g","contentUrl":"https:\/\/secure.gravatar.com\/avatar\/5982436324a41ee489dd6e32b04f694f1ff5bd0b926ec80f929beb7441b69904?s=96&d=mm&r=g","caption":"jcampos"},"sameAs":["https:\/\/alapar.cl\/projazzweb"],"url":"https:\/\/projazz.cl\/web\/author\/jcampos\/"}]}},"_links":{"self":[{"href":"https:\/\/projazz.cl\/web\/wp-json\/wp\/v2\/posts\/820","targetHints":{"allow":["GET"]}}],"collection":[{"href":"https:\/\/projazz.cl\/web\/wp-json\/wp\/v2\/posts"}],"about":[{"href":"https:\/\/projazz.cl\/web\/wp-json\/wp\/v2\/types\/post"}],"author":[{"embeddable":true,"href":"https:\/\/projazz.cl\/web\/wp-json\/wp\/v2\/users\/1"}],"replies":[{"embeddable":true,"href":"https:\/\/projazz.cl\/web\/wp-json\/wp\/v2\/comments?post=820"}],"version-history":[{"count":3,"href":"https:\/\/projazz.cl\/web\/wp-json\/wp\/v2\/posts\/820\/revisions"}],"predecessor-version":[{"id":7407,"href":"https:\/\/projazz.cl\/web\/wp-json\/wp\/v2\/posts\/820\/revisions\/7407"}],"wp:featuredmedia":[{"embeddable":true,"href":"https:\/\/projazz.cl\/web\/wp-json\/wp\/v2\/media\/821"}],"wp:attachment":[{"href":"https:\/\/projazz.cl\/web\/wp-json\/wp\/v2\/media?parent=820"}],"wp:term":[{"taxonomy":"category","embeddable":true,"href":"https:\/\/projazz.cl\/web\/wp-json\/wp\/v2\/categories?post=820"},{"taxonomy":"post_tag","embeddable":true,"href":"https:\/\/projazz.cl\/web\/wp-json\/wp\/v2\/tags?post=820"}],"curies":[{"name":"wp","href":"https:\/\/api.w.org\/{rel}","templated":true}]}}