{"id":7360,"date":"2025-12-03T11:29:25","date_gmt":"2025-12-03T14:29:25","guid":{"rendered":"https:\/\/projazz.cl\/web\/?p=7360"},"modified":"2025-12-03T12:13:39","modified_gmt":"2025-12-03T15:13:39","slug":"nuevas-voces-en-equipo-directivo-projazz","status":"publish","type":"post","link":"https:\/\/projazz.cl\/web\/nuevas-voces-en-equipo-directivo-projazz\/","title":{"rendered":"Nuevas voces en equipo directivo\u00a0Projazz\u00a0"},"content":{"rendered":"\t\t<div data-elementor-type=\"wp-post\" data-elementor-id=\"7360\" class=\"elementor elementor-7360\" data-elementor-post-type=\"post\">\n\t\t\t\t<div class=\"elementor-element elementor-element-19cfdd3a e-flex e-con-boxed e-con e-parent\" data-id=\"19cfdd3a\" data-element_type=\"container\" data-core-v316-plus=\"true\">\n\t\t\t\t\t<div class=\"e-con-inner\">\n\t\t\t\t<div class=\"elementor-element elementor-element-32f37517 elementor-widget elementor-widget-text-editor\" data-id=\"32f37517\" data-element_type=\"widget\" data-widget_type=\"text-editor.default\">\n\t\t\t\t<div class=\"elementor-widget-container\">\n\t\t\t<style>\/*! elementor - v3.20.0 - 13-03-2024 *\/\n.elementor-widget-text-editor.elementor-drop-cap-view-stacked .elementor-drop-cap{background-color:#69727d;color:#fff}.elementor-widget-text-editor.elementor-drop-cap-view-framed .elementor-drop-cap{color:#69727d;border:3px solid;background-color:transparent}.elementor-widget-text-editor:not(.elementor-drop-cap-view-default) .elementor-drop-cap{margin-top:8px}.elementor-widget-text-editor:not(.elementor-drop-cap-view-default) .elementor-drop-cap-letter{width:1em;height:1em}.elementor-widget-text-editor .elementor-drop-cap{float:left;text-align:center;line-height:1;font-size:50px}.elementor-widget-text-editor .elementor-drop-cap-letter{display:inline-block}<\/style>\t\t\t\t<!-- wp:paragraph -->\n<p>Para cubrir plazas clave en el desarrollo institucional, se sumaron a la gesti\u00f3n de\u00a0Projazz\u00a0Viviana\u00a0Gonz\u00e1lez\u00a0como Vicerrectora de Administraci\u00f3n y Finanzas y Alicia Pedroso como\u00a0Directora\u00a0de Comunicaciones y Vinculaci\u00f3n con el Medio.\u00a0<\/p>\n<!-- \/wp:paragraph --><!-- wp:paragraph --><!-- \/wp:paragraph --><!-- wp:image {\"id\":7363,\"width\":\"301px\",\"height\":\"auto\",\"sizeSlug\":\"large\",\"linkDestination\":\"none\",\"align\":\"center\"} --><!-- \/wp:image --><!-- wp:paragraph --><!-- \/wp:paragraph --><!-- wp:image {\"id\":7365,\"width\":\"311px\",\"height\":\"auto\",\"sizeSlug\":\"large\",\"linkDestination\":\"none\",\"align\":\"center\"} --><!-- \/wp:image -->\t\t\t\t\t\t<\/div>\n\t\t\t\t<\/div>\n\t\t\t\t\t<\/div>\n\t\t\t\t<\/div>\n\t\t<div class=\"elementor-element elementor-element-625ff12 e-flex e-con-boxed e-con e-parent\" data-id=\"625ff12\" data-element_type=\"container\" data-core-v316-plus=\"true\">\n\t\t\t\t\t<div class=\"e-con-inner\">\n\t\t<div class=\"elementor-element elementor-element-df9751a e-con-full e-flex e-con e-child\" data-id=\"df9751a\" data-element_type=\"container\">\n\t\t\t\t<div class=\"elementor-element elementor-element-4b4cc3c elementor-widget elementor-widget-image\" data-id=\"4b4cc3c\" data-element_type=\"widget\" data-widget_type=\"image.default\">\n\t\t\t\t<div class=\"elementor-widget-container\">\n\t\t\t<style>\/*! elementor - v3.20.0 - 13-03-2024 *\/\n.elementor-widget-image{text-align:center}.elementor-widget-image a{display:inline-block}.elementor-widget-image a img[src$=\".svg\"]{width:48px}.elementor-widget-image img{vertical-align:middle;display:inline-block}<\/style>\t\t\t\t\t\t\t\t\t\t<img fetchpriority=\"high\" decoding=\"async\" width=\"858\" height=\"1024\" src=\"https:\/\/projazz.cl\/web\/wp-content\/uploads\/2025\/12\/WhatsApp-Image-2025-12-03-at-11.18.30-858x1024.jpeg\" class=\"attachment-large size-large wp-image-7363\" alt=\"\" srcset=\"https:\/\/projazz.cl\/web\/wp-content\/uploads\/2025\/12\/WhatsApp-Image-2025-12-03-at-11.18.30-858x1024.jpeg 858w, https:\/\/projazz.cl\/web\/wp-content\/uploads\/2025\/12\/WhatsApp-Image-2025-12-03-at-11.18.30-251x300.jpeg 251w, https:\/\/projazz.cl\/web\/wp-content\/uploads\/2025\/12\/WhatsApp-Image-2025-12-03-at-11.18.30-768x916.jpeg 768w, https:\/\/projazz.cl\/web\/wp-content\/uploads\/2025\/12\/WhatsApp-Image-2025-12-03-at-11.18.30.jpeg 1073w\" sizes=\"(max-width: 858px) 100vw, 858px\" \/>\t\t\t\t\t\t\t\t\t\t\t\t\t<\/div>\n\t\t\t\t<\/div>\n\t\t\t\t<\/div>\n\t\t<div class=\"elementor-element elementor-element-2f76572 e-con-full e-flex e-con e-child\" data-id=\"2f76572\" data-element_type=\"container\">\n\t\t\t\t<div class=\"elementor-element elementor-element-04a3d7c elementor-widget elementor-widget-text-editor\" data-id=\"04a3d7c\" data-element_type=\"widget\" data-widget_type=\"text-editor.default\">\n\t\t\t\t<div class=\"elementor-widget-container\">\n\t\t\t\t\t\t\t<p><strong>Viviana Gonz\u00e1lez Tobar<\/strong>\u00a0es Contadora Auditora diplomada en Tributaria por la Universidad de Chile, con m\u00e1s de veinte a\u00f1os de experiencia en gesti\u00f3n financiera, administrativa y de personas, en\u00a0instituciones \u00a0vinculadas\u00a0a la empresa y la educaci\u00f3n, siendo reconocida por su liderazgo cercano, claro y profundamente humano.\u00a0<\/p>\n<p><!-- \/wp:paragraph --><!-- wp:paragraph --><\/p>\n<p>En\u00a0Projazz, Viviana impulsa una administraci\u00f3n moderna y responsable, conectando su s\u00f3lida trayectoria con la esencia creativa de\u00a0nuestra instituci\u00f3n\u00a0para construir procesos que acompa\u00f1en, eleven y fortalezcan la experiencia educativa.\u00a0<\/p>\t\t\t\t\t\t<\/div>\n\t\t\t\t<\/div>\n\t\t\t\t<\/div>\n\t\t\t\t\t<\/div>\n\t\t\t\t<\/div>\n\t\t<div class=\"elementor-element elementor-element-b783d25 e-flex e-con-boxed e-con e-parent\" data-id=\"b783d25\" data-element_type=\"container\" data-core-v316-plus=\"true\">\n\t\t\t\t\t<div class=\"e-con-inner\">\n\t\t\t\t<div class=\"elementor-element elementor-element-ade1d41 elementor-widget elementor-widget-spacer\" data-id=\"ade1d41\" data-element_type=\"widget\" data-widget_type=\"spacer.default\">\n\t\t\t\t<div class=\"elementor-widget-container\">\n\t\t\t<style>\/*! elementor - v3.20.0 - 13-03-2024 *\/\n.elementor-column .elementor-spacer-inner{height:var(--spacer-size)}.e-con{--container-widget-width:100%}.e-con-inner>.elementor-widget-spacer,.e-con>.elementor-widget-spacer{width:var(--container-widget-width,var(--spacer-size));--align-self:var(--container-widget-align-self,initial);--flex-shrink:0}.e-con-inner>.elementor-widget-spacer>.elementor-widget-container,.e-con>.elementor-widget-spacer>.elementor-widget-container{height:100%;width:100%}.e-con-inner>.elementor-widget-spacer>.elementor-widget-container>.elementor-spacer,.e-con>.elementor-widget-spacer>.elementor-widget-container>.elementor-spacer{height:100%}.e-con-inner>.elementor-widget-spacer>.elementor-widget-container>.elementor-spacer>.elementor-spacer-inner,.e-con>.elementor-widget-spacer>.elementor-widget-container>.elementor-spacer>.elementor-spacer-inner{height:var(--container-widget-height,var(--spacer-size))}.e-con-inner>.elementor-widget-spacer.elementor-widget-empty,.e-con>.elementor-widget-spacer.elementor-widget-empty{position:relative;min-height:22px;min-width:22px}.e-con-inner>.elementor-widget-spacer.elementor-widget-empty .elementor-widget-empty-icon,.e-con>.elementor-widget-spacer.elementor-widget-empty .elementor-widget-empty-icon{position:absolute;top:0;bottom:0;left:0;right:0;margin:auto;padding:0;width:22px;height:22px}<\/style>\t\t<div class=\"elementor-spacer\">\n\t\t\t<div class=\"elementor-spacer-inner\"><\/div>\n\t\t<\/div>\n\t\t\t\t<\/div>\n\t\t\t\t<\/div>\n\t\t\t\t\t<\/div>\n\t\t\t\t<\/div>\n\t\t<div class=\"elementor-element elementor-element-8a69906 e-flex e-con-boxed e-con e-parent\" data-id=\"8a69906\" data-element_type=\"container\" data-core-v316-plus=\"true\">\n\t\t\t\t\t<div class=\"e-con-inner\">\n\t\t<div class=\"elementor-element elementor-element-d4bf8de e-con-full e-flex e-con e-child\" data-id=\"d4bf8de\" data-element_type=\"container\">\n\t\t\t\t<div class=\"elementor-element elementor-element-55f4bad elementor-widget elementor-widget-text-editor\" data-id=\"55f4bad\" data-element_type=\"widget\" data-widget_type=\"text-editor.default\">\n\t\t\t\t<div class=\"elementor-widget-container\">\n\t\t\t\t\t\t\t<p><strong>Alicia Pedroso\u00a0Baltazar<\/strong>\u00a0es music\u00f3loga (UChile), con una relevante trayectoria como docente y divulgadora en temas de arte y cultura a trav\u00e9s de diversos medios de comunicaci\u00f3n. Cuenta con un camino de 30 a\u00f1os en la\u00a0gesti\u00f3n universitaria, en cargos vinculados a la direcci\u00f3n de carreras de m\u00fasica y vinculaci\u00f3n con el medio.\u00a0\u00a0<\/p>\n<p><!-- \/wp:paragraph --><!-- wp:paragraph --><\/p>\n<p>Es autora del libro \u201cLa m\u00fasica no sirve para nada\u201d (Ril Editores) y se suma al equipo de Projazz para fortalecer sus nexos con el ecosistema de la econom\u00eda creativa musical y audiovisual y promover la visibilidad al trabajo de quienes egresan, as\u00ed como de docentes y estudiantes.<\/p>\t\t\t\t\t\t<\/div>\n\t\t\t\t<\/div>\n\t\t\t\t<\/div>\n\t\t<div class=\"elementor-element elementor-element-cca4bd2 e-con-full e-flex e-con e-child\" data-id=\"cca4bd2\" data-element_type=\"container\">\n\t\t\t\t<div class=\"elementor-element elementor-element-167d5e8 elementor-widget elementor-widget-image\" data-id=\"167d5e8\" data-element_type=\"widget\" data-widget_type=\"image.default\">\n\t\t\t\t<div class=\"elementor-widget-container\">\n\t\t\t\t\t\t\t\t\t\t\t\t\t<img decoding=\"async\" width=\"768\" height=\"1024\" src=\"https:\/\/projazz.cl\/web\/wp-content\/uploads\/2025\/12\/WhatsApp-Image-2025-12-03-at-10.13.36-768x1024.jpeg\" class=\"attachment-large size-large wp-image-7365\" alt=\"\" srcset=\"https:\/\/projazz.cl\/web\/wp-content\/uploads\/2025\/12\/WhatsApp-Image-2025-12-03-at-10.13.36-768x1024.jpeg 768w, https:\/\/projazz.cl\/web\/wp-content\/uploads\/2025\/12\/WhatsApp-Image-2025-12-03-at-10.13.36-225x300.jpeg 225w, https:\/\/projazz.cl\/web\/wp-content\/uploads\/2025\/12\/WhatsApp-Image-2025-12-03-at-10.13.36-1152x1536.jpeg 1152w, https:\/\/projazz.cl\/web\/wp-content\/uploads\/2025\/12\/WhatsApp-Image-2025-12-03-at-10.13.36.jpeg 1200w\" sizes=\"(max-width: 768px) 100vw, 768px\" \/>\t\t\t\t\t\t\t\t\t\t\t\t\t<\/div>\n\t\t\t\t<\/div>\n\t\t\t\t<\/div>\n\t\t\t\t\t<\/div>\n\t\t\t\t<\/div>\n\t\t\t\t<\/div>\n\t\t","protected":false},"excerpt":{"rendered":"<p>Para cubrir plazas clave en el desarrollo institucional, se sumaron a la gesti\u00f3n de\u00a0Projazz\u00a0Viviana\u00a0Gonz\u00e1lez\u00a0como Vicerrectora de Administraci\u00f3n y Finanzas y Alicia Pedroso como\u00a0Directora\u00a0de Comunicaciones y Vinculaci\u00f3n con el Medio.\u00a0 Viviana Gonz\u00e1lez Tobar\u00a0es Contadora Auditora diplomada en Tributaria por la Universidad de Chile, con m\u00e1s de veinte a\u00f1os de experiencia en gesti\u00f3n financiera, administrativa y de &hellip;<\/p>\n<p class=\"read-more\"> <a class=\"\" href=\"https:\/\/projazz.cl\/web\/nuevas-voces-en-equipo-directivo-projazz\/\"> <span class=\"screen-reader-text\">Nuevas voces en equipo directivo\u00a0Projazz\u00a0<\/span> Read More &raquo;<\/a><\/p>\n","protected":false},"author":1,"featured_media":7361,"comment_status":"open","ping_status":"open","sticky":false,"template":"","format":"standard","meta":{"footnotes":""},"categories":[14],"tags":[],"class_list":["post-7360","post","type-post","status-publish","format-standard","has-post-thumbnail","hentry","category-noticias"],"yoast_head":"<!-- This site is optimized with the Yoast SEO plugin v26.3 - https:\/\/yoast.com\/wordpress\/plugins\/seo\/ -->\n<title>Nuevas voces en equipo directivo\u00a0Projazz\u00a0 - Projazz<\/title>\n<meta name=\"robots\" content=\"index, follow, max-snippet:-1, max-image-preview:large, max-video-preview:-1\" \/>\n<link rel=\"canonical\" href=\"https:\/\/projazz.cl\/web\/nuevas-voces-en-equipo-directivo-projazz\/\" \/>\n<meta property=\"og:locale\" content=\"es_ES\" \/>\n<meta property=\"og:type\" content=\"article\" \/>\n<meta property=\"og:title\" content=\"Nuevas voces en equipo directivo\u00a0Projazz\u00a0 - Projazz\" \/>\n<meta property=\"og:description\" content=\"Para cubrir plazas clave en el desarrollo institucional, se sumaron a la gesti\u00f3n de\u00a0Projazz\u00a0Viviana\u00a0Gonz\u00e1lez\u00a0como Vicerrectora de Administraci\u00f3n y Finanzas y Alicia Pedroso como\u00a0Directora\u00a0de Comunicaciones y Vinculaci\u00f3n con el Medio.\u00a0 Viviana Gonz\u00e1lez Tobar\u00a0es Contadora Auditora diplomada en Tributaria por la Universidad de Chile, con m\u00e1s de veinte a\u00f1os de experiencia en gesti\u00f3n financiera, administrativa y de &hellip; Nuevas voces en equipo directivo\u00a0Projazz\u00a0 Read More &raquo;\" \/>\n<meta property=\"og:url\" content=\"https:\/\/projazz.cl\/web\/nuevas-voces-en-equipo-directivo-projazz\/\" \/>\n<meta property=\"og:site_name\" content=\"Projazz\" \/>\n<meta property=\"article:publisher\" content=\"https:\/\/www.facebook.com\/projazzchile\" \/>\n<meta property=\"article:published_time\" content=\"2025-12-03T14:29:25+00:00\" \/>\n<meta property=\"article:modified_time\" content=\"2025-12-03T15:13:39+00:00\" \/>\n<meta property=\"og:image\" content=\"https:\/\/projazz.cl\/web\/wp-content\/uploads\/2025\/12\/foto-nuevas-directoras.jpg\" \/>\n\t<meta property=\"og:image:width\" content=\"1200\" \/>\n\t<meta property=\"og:image:height\" content=\"900\" \/>\n\t<meta property=\"og:image:type\" content=\"image\/jpeg\" \/>\n<meta name=\"author\" content=\"jcampos\" \/>\n<meta name=\"twitter:card\" content=\"summary_large_image\" \/>\n<meta name=\"twitter:label1\" content=\"Escrito por\" \/>\n\t<meta name=\"twitter:data1\" content=\"jcampos\" \/>\n\t<meta name=\"twitter:label2\" content=\"Tiempo estimado de lectura\" \/>\n\t<meta name=\"twitter:data2\" content=\"2 minutos\" \/>\n<script type=\"application\/ld+json\" class=\"yoast-schema-graph\">{\"@context\":\"https:\/\/schema.org\",\"@graph\":[{\"@type\":\"Article\",\"@id\":\"https:\/\/projazz.cl\/web\/nuevas-voces-en-equipo-directivo-projazz\/#article\",\"isPartOf\":{\"@id\":\"https:\/\/projazz.cl\/web\/nuevas-voces-en-equipo-directivo-projazz\/\"},\"author\":{\"name\":\"jcampos\",\"@id\":\"https:\/\/projazz.cl\/web\/#\/schema\/person\/e8f59c9a6d61dfc7ff356d672db453f8\"},\"headline\":\"Nuevas voces en equipo directivo\u00a0Projazz\u00a0\",\"datePublished\":\"2025-12-03T14:29:25+00:00\",\"dateModified\":\"2025-12-03T15:13:39+00:00\",\"mainEntityOfPage\":{\"@id\":\"https:\/\/projazz.cl\/web\/nuevas-voces-en-equipo-directivo-projazz\/\"},\"wordCount\":242,\"commentCount\":0,\"publisher\":{\"@id\":\"https:\/\/projazz.cl\/web\/#organization\"},\"image\":{\"@id\":\"https:\/\/projazz.cl\/web\/nuevas-voces-en-equipo-directivo-projazz\/#primaryimage\"},\"thumbnailUrl\":\"https:\/\/projazz.cl\/web\/wp-content\/uploads\/2025\/12\/foto-nuevas-directoras.jpg\",\"articleSection\":[\"Noticias\"],\"inLanguage\":\"es-CL\",\"potentialAction\":[{\"@type\":\"CommentAction\",\"name\":\"Comment\",\"target\":[\"https:\/\/projazz.cl\/web\/nuevas-voces-en-equipo-directivo-projazz\/#respond\"]}]},{\"@type\":\"WebPage\",\"@id\":\"https:\/\/projazz.cl\/web\/nuevas-voces-en-equipo-directivo-projazz\/\",\"url\":\"https:\/\/projazz.cl\/web\/nuevas-voces-en-equipo-directivo-projazz\/\",\"name\":\"Nuevas voces en equipo directivo\u00a0Projazz\u00a0 - Projazz\",\"isPartOf\":{\"@id\":\"https:\/\/projazz.cl\/web\/#website\"},\"primaryImageOfPage\":{\"@id\":\"https:\/\/projazz.cl\/web\/nuevas-voces-en-equipo-directivo-projazz\/#primaryimage\"},\"image\":{\"@id\":\"https:\/\/projazz.cl\/web\/nuevas-voces-en-equipo-directivo-projazz\/#primaryimage\"},\"thumbnailUrl\":\"https:\/\/projazz.cl\/web\/wp-content\/uploads\/2025\/12\/foto-nuevas-directoras.jpg\",\"datePublished\":\"2025-12-03T14:29:25+00:00\",\"dateModified\":\"2025-12-03T15:13:39+00:00\",\"breadcrumb\":{\"@id\":\"https:\/\/projazz.cl\/web\/nuevas-voces-en-equipo-directivo-projazz\/#breadcrumb\"},\"inLanguage\":\"es-CL\",\"potentialAction\":[{\"@type\":\"ReadAction\",\"target\":[\"https:\/\/projazz.cl\/web\/nuevas-voces-en-equipo-directivo-projazz\/\"]}]},{\"@type\":\"ImageObject\",\"inLanguage\":\"es-CL\",\"@id\":\"https:\/\/projazz.cl\/web\/nuevas-voces-en-equipo-directivo-projazz\/#primaryimage\",\"url\":\"https:\/\/projazz.cl\/web\/wp-content\/uploads\/2025\/12\/foto-nuevas-directoras.jpg\",\"contentUrl\":\"https:\/\/projazz.cl\/web\/wp-content\/uploads\/2025\/12\/foto-nuevas-directoras.jpg\",\"width\":1200,\"height\":900},{\"@type\":\"BreadcrumbList\",\"@id\":\"https:\/\/projazz.cl\/web\/nuevas-voces-en-equipo-directivo-projazz\/#breadcrumb\",\"itemListElement\":[{\"@type\":\"ListItem\",\"position\":1,\"name\":\"Portada\",\"item\":\"https:\/\/projazz.cl\/web\/\"},{\"@type\":\"ListItem\",\"position\":2,\"name\":\"Nuevas voces en equipo directivo\u00a0Projazz\u00a0\"}]},{\"@type\":\"WebSite\",\"@id\":\"https:\/\/projazz.cl\/web\/#website\",\"url\":\"https:\/\/projazz.cl\/web\/\",\"name\":\"Projazz\",\"description\":\"Instituto Profesional \",\"publisher\":{\"@id\":\"https:\/\/projazz.cl\/web\/#organization\"},\"potentialAction\":[{\"@type\":\"SearchAction\",\"target\":{\"@type\":\"EntryPoint\",\"urlTemplate\":\"https:\/\/projazz.cl\/web\/?s={search_term_string}\"},\"query-input\":{\"@type\":\"PropertyValueSpecification\",\"valueRequired\":true,\"valueName\":\"search_term_string\"}}],\"inLanguage\":\"es-CL\"},{\"@type\":\"Organization\",\"@id\":\"https:\/\/projazz.cl\/web\/#organization\",\"name\":\"Projazz\",\"url\":\"https:\/\/projazz.cl\/web\/\",\"logo\":{\"@type\":\"ImageObject\",\"inLanguage\":\"es-CL\",\"@id\":\"https:\/\/projazz.cl\/web\/#\/schema\/logo\/image\/\",\"url\":\"https:\/\/projazz.cl\/web\/wp-content\/uploads\/2024\/10\/brand-projazz2.svg\",\"contentUrl\":\"https:\/\/projazz.cl\/web\/wp-content\/uploads\/2024\/10\/brand-projazz2.svg\",\"width\":161,\"height\":41,\"caption\":\"Projazz\"},\"image\":{\"@id\":\"https:\/\/projazz.cl\/web\/#\/schema\/logo\/image\/\"},\"sameAs\":[\"https:\/\/www.facebook.com\/projazzchile\",\"https:\/\/www.instagram.com\/projazzchile\"]},{\"@type\":\"Person\",\"@id\":\"https:\/\/projazz.cl\/web\/#\/schema\/person\/e8f59c9a6d61dfc7ff356d672db453f8\",\"name\":\"jcampos\",\"image\":{\"@type\":\"ImageObject\",\"inLanguage\":\"es-CL\",\"@id\":\"https:\/\/projazz.cl\/web\/#\/schema\/person\/image\/\",\"url\":\"https:\/\/secure.gravatar.com\/avatar\/5982436324a41ee489dd6e32b04f694f1ff5bd0b926ec80f929beb7441b69904?s=96&d=mm&r=g\",\"contentUrl\":\"https:\/\/secure.gravatar.com\/avatar\/5982436324a41ee489dd6e32b04f694f1ff5bd0b926ec80f929beb7441b69904?s=96&d=mm&r=g\",\"caption\":\"jcampos\"},\"sameAs\":[\"https:\/\/alapar.cl\/projazzweb\"],\"url\":\"https:\/\/projazz.cl\/web\/author\/jcampos\/\"}]}<\/script>\n<!-- \/ Yoast SEO plugin. -->","yoast_head_json":{"title":"Nuevas voces en equipo directivo\u00a0Projazz\u00a0 - Projazz","robots":{"index":"index","follow":"follow","max-snippet":"max-snippet:-1","max-image-preview":"max-image-preview:large","max-video-preview":"max-video-preview:-1"},"canonical":"https:\/\/projazz.cl\/web\/nuevas-voces-en-equipo-directivo-projazz\/","og_locale":"es_ES","og_type":"article","og_title":"Nuevas voces en equipo directivo\u00a0Projazz\u00a0 - Projazz","og_description":"Para cubrir plazas clave en el desarrollo institucional, se sumaron a la gesti\u00f3n de\u00a0Projazz\u00a0Viviana\u00a0Gonz\u00e1lez\u00a0como Vicerrectora de Administraci\u00f3n y Finanzas y Alicia Pedroso como\u00a0Directora\u00a0de Comunicaciones y Vinculaci\u00f3n con el Medio.\u00a0 Viviana Gonz\u00e1lez Tobar\u00a0es Contadora Auditora diplomada en Tributaria por la Universidad de Chile, con m\u00e1s de veinte a\u00f1os de experiencia en gesti\u00f3n financiera, administrativa y de &hellip; Nuevas voces en equipo directivo\u00a0Projazz\u00a0 Read More &raquo;","og_url":"https:\/\/projazz.cl\/web\/nuevas-voces-en-equipo-directivo-projazz\/","og_site_name":"Projazz","article_publisher":"https:\/\/www.facebook.com\/projazzchile","article_published_time":"2025-12-03T14:29:25+00:00","article_modified_time":"2025-12-03T15:13:39+00:00","og_image":[{"width":1200,"height":900,"url":"https:\/\/projazz.cl\/web\/wp-content\/uploads\/2025\/12\/foto-nuevas-directoras.jpg","type":"image\/jpeg"}],"author":"jcampos","twitter_card":"summary_large_image","twitter_misc":{"Escrito por":"jcampos","Tiempo estimado de lectura":"2 minutos"},"schema":{"@context":"https:\/\/schema.org","@graph":[{"@type":"Article","@id":"https:\/\/projazz.cl\/web\/nuevas-voces-en-equipo-directivo-projazz\/#article","isPartOf":{"@id":"https:\/\/projazz.cl\/web\/nuevas-voces-en-equipo-directivo-projazz\/"},"author":{"name":"jcampos","@id":"https:\/\/projazz.cl\/web\/#\/schema\/person\/e8f59c9a6d61dfc7ff356d672db453f8"},"headline":"Nuevas voces en equipo directivo\u00a0Projazz\u00a0","datePublished":"2025-12-03T14:29:25+00:00","dateModified":"2025-12-03T15:13:39+00:00","mainEntityOfPage":{"@id":"https:\/\/projazz.cl\/web\/nuevas-voces-en-equipo-directivo-projazz\/"},"wordCount":242,"commentCount":0,"publisher":{"@id":"https:\/\/projazz.cl\/web\/#organization"},"image":{"@id":"https:\/\/projazz.cl\/web\/nuevas-voces-en-equipo-directivo-projazz\/#primaryimage"},"thumbnailUrl":"https:\/\/projazz.cl\/web\/wp-content\/uploads\/2025\/12\/foto-nuevas-directoras.jpg","articleSection":["Noticias"],"inLanguage":"es-CL","potentialAction":[{"@type":"CommentAction","name":"Comment","target":["https:\/\/projazz.cl\/web\/nuevas-voces-en-equipo-directivo-projazz\/#respond"]}]},{"@type":"WebPage","@id":"https:\/\/projazz.cl\/web\/nuevas-voces-en-equipo-directivo-projazz\/","url":"https:\/\/projazz.cl\/web\/nuevas-voces-en-equipo-directivo-projazz\/","name":"Nuevas voces en equipo directivo\u00a0Projazz\u00a0 - Projazz","isPartOf":{"@id":"https:\/\/projazz.cl\/web\/#website"},"primaryImageOfPage":{"@id":"https:\/\/projazz.cl\/web\/nuevas-voces-en-equipo-directivo-projazz\/#primaryimage"},"image":{"@id":"https:\/\/projazz.cl\/web\/nuevas-voces-en-equipo-directivo-projazz\/#primaryimage"},"thumbnailUrl":"https:\/\/projazz.cl\/web\/wp-content\/uploads\/2025\/12\/foto-nuevas-directoras.jpg","datePublished":"2025-12-03T14:29:25+00:00","dateModified":"2025-12-03T15:13:39+00:00","breadcrumb":{"@id":"https:\/\/projazz.cl\/web\/nuevas-voces-en-equipo-directivo-projazz\/#breadcrumb"},"inLanguage":"es-CL","potentialAction":[{"@type":"ReadAction","target":["https:\/\/projazz.cl\/web\/nuevas-voces-en-equipo-directivo-projazz\/"]}]},{"@type":"ImageObject","inLanguage":"es-CL","@id":"https:\/\/projazz.cl\/web\/nuevas-voces-en-equipo-directivo-projazz\/#primaryimage","url":"https:\/\/projazz.cl\/web\/wp-content\/uploads\/2025\/12\/foto-nuevas-directoras.jpg","contentUrl":"https:\/\/projazz.cl\/web\/wp-content\/uploads\/2025\/12\/foto-nuevas-directoras.jpg","width":1200,"height":900},{"@type":"BreadcrumbList","@id":"https:\/\/projazz.cl\/web\/nuevas-voces-en-equipo-directivo-projazz\/#breadcrumb","itemListElement":[{"@type":"ListItem","position":1,"name":"Portada","item":"https:\/\/projazz.cl\/web\/"},{"@type":"ListItem","position":2,"name":"Nuevas voces en equipo directivo\u00a0Projazz\u00a0"}]},{"@type":"WebSite","@id":"https:\/\/projazz.cl\/web\/#website","url":"https:\/\/projazz.cl\/web\/","name":"Projazz","description":"Instituto Profesional ","publisher":{"@id":"https:\/\/projazz.cl\/web\/#organization"},"potentialAction":[{"@type":"SearchAction","target":{"@type":"EntryPoint","urlTemplate":"https:\/\/projazz.cl\/web\/?s={search_term_string}"},"query-input":{"@type":"PropertyValueSpecification","valueRequired":true,"valueName":"search_term_string"}}],"inLanguage":"es-CL"},{"@type":"Organization","@id":"https:\/\/projazz.cl\/web\/#organization","name":"Projazz","url":"https:\/\/projazz.cl\/web\/","logo":{"@type":"ImageObject","inLanguage":"es-CL","@id":"https:\/\/projazz.cl\/web\/#\/schema\/logo\/image\/","url":"https:\/\/projazz.cl\/web\/wp-content\/uploads\/2024\/10\/brand-projazz2.svg","contentUrl":"https:\/\/projazz.cl\/web\/wp-content\/uploads\/2024\/10\/brand-projazz2.svg","width":161,"height":41,"caption":"Projazz"},"image":{"@id":"https:\/\/projazz.cl\/web\/#\/schema\/logo\/image\/"},"sameAs":["https:\/\/www.facebook.com\/projazzchile","https:\/\/www.instagram.com\/projazzchile"]},{"@type":"Person","@id":"https:\/\/projazz.cl\/web\/#\/schema\/person\/e8f59c9a6d61dfc7ff356d672db453f8","name":"jcampos","image":{"@type":"ImageObject","inLanguage":"es-CL","@id":"https:\/\/projazz.cl\/web\/#\/schema\/person\/image\/","url":"https:\/\/secure.gravatar.com\/avatar\/5982436324a41ee489dd6e32b04f694f1ff5bd0b926ec80f929beb7441b69904?s=96&d=mm&r=g","contentUrl":"https:\/\/secure.gravatar.com\/avatar\/5982436324a41ee489dd6e32b04f694f1ff5bd0b926ec80f929beb7441b69904?s=96&d=mm&r=g","caption":"jcampos"},"sameAs":["https:\/\/alapar.cl\/projazzweb"],"url":"https:\/\/projazz.cl\/web\/author\/jcampos\/"}]}},"_links":{"self":[{"href":"https:\/\/projazz.cl\/web\/wp-json\/wp\/v2\/posts\/7360","targetHints":{"allow":["GET"]}}],"collection":[{"href":"https:\/\/projazz.cl\/web\/wp-json\/wp\/v2\/posts"}],"about":[{"href":"https:\/\/projazz.cl\/web\/wp-json\/wp\/v2\/types\/post"}],"author":[{"embeddable":true,"href":"https:\/\/projazz.cl\/web\/wp-json\/wp\/v2\/users\/1"}],"replies":[{"embeddable":true,"href":"https:\/\/projazz.cl\/web\/wp-json\/wp\/v2\/comments?post=7360"}],"version-history":[{"count":14,"href":"https:\/\/projazz.cl\/web\/wp-json\/wp\/v2\/posts\/7360\/revisions"}],"predecessor-version":[{"id":7378,"href":"https:\/\/projazz.cl\/web\/wp-json\/wp\/v2\/posts\/7360\/revisions\/7378"}],"wp:featuredmedia":[{"embeddable":true,"href":"https:\/\/projazz.cl\/web\/wp-json\/wp\/v2\/media\/7361"}],"wp:attachment":[{"href":"https:\/\/projazz.cl\/web\/wp-json\/wp\/v2\/media?parent=7360"}],"wp:term":[{"taxonomy":"category","embeddable":true,"href":"https:\/\/projazz.cl\/web\/wp-json\/wp\/v2\/categories?post=7360"},{"taxonomy":"post_tag","embeddable":true,"href":"https:\/\/projazz.cl\/web\/wp-json\/wp\/v2\/tags?post=7360"}],"curies":[{"name":"wp","href":"https:\/\/api.w.org\/{rel}","templated":true}]}}