{"id":3350,"date":"2024-10-17T16:41:44","date_gmt":"2024-10-17T19:41:44","guid":{"rendered":"https:\/\/projazz.cl\/web\/?p=3350"},"modified":"2024-10-17T16:43:18","modified_gmt":"2024-10-17T19:43:18","slug":"projazz-participara-en-el-encuentro-de-economia-creativa-en-penalolen","status":"publish","type":"post","link":"https:\/\/projazz.cl\/web\/projazz-participara-en-el-encuentro-de-economia-creativa-en-penalolen\/","title":{"rendered":"Projazz participar\u00e1 en el Encuentro de Econom\u00eda Creativa en Pe\u00f1alol\u00e9n"},"content":{"rendered":"<div class=\"wp-block-image\">\n<figure class=\"aligncenter size-large is-resized\"><img fetchpriority=\"high\" decoding=\"async\" width=\"1024\" height=\"1024\" src=\"https:\/\/alapar.cl\/web\/wp-content\/uploads\/2024\/10\/DECC-Afiche-simplificado-1024x1024.png\" alt=\"\" class=\"wp-image-3353\" style=\"aspect-ratio:1;object-fit:cover;width:600px\" srcset=\"https:\/\/projazz.cl\/web\/wp-content\/uploads\/2024\/10\/DECC-Afiche-simplificado-1024x1024.png 1024w, https:\/\/projazz.cl\/web\/wp-content\/uploads\/2024\/10\/DECC-Afiche-simplificado-300x300.png 300w, https:\/\/projazz.cl\/web\/wp-content\/uploads\/2024\/10\/DECC-Afiche-simplificado-150x150.png 150w, https:\/\/projazz.cl\/web\/wp-content\/uploads\/2024\/10\/DECC-Afiche-simplificado-768x768.png 768w, https:\/\/projazz.cl\/web\/wp-content\/uploads\/2024\/10\/DECC-Afiche-simplificado.png 1080w\" sizes=\"(max-width: 1024px) 100vw, 1024px\" \/><\/figure>\n<\/div>\n\n\n<p><\/p>\n\n\n\n<p>El Instituto Profesional Projazz formar\u00e1 parte del Encuentro de Econom\u00eda Creativa que se llevar\u00e1 a cabo en el Centro Cultural Chimkowe, Pe\u00f1alol\u00e9n, el s\u00e1bado 19 de octubre de 2024. Este evento reunir\u00e1 a diversas entidades e instituciones dedicadas a promover el desarrollo de las industrias creativas en Chile.<\/p>\n\n\n\n<p>El encuentro tiene como objetivo generar espacios de di\u00e1logo y colaboraci\u00f3n entre artistas, emprendedores, instituciones educativas y el p\u00fablico en general, con el fin de impulsar el crecimiento y fortalecimiento de la econom\u00eda creativa en el pa\u00eds. La participaci\u00f3n de Projazz destaca su compromiso con la formaci\u00f3n de profesionales en \u00e1reas relacionadas con la m\u00fasica y las artes esc\u00e9nicas, reafirmando su rol activo en el fomento de una industria creativa s\u00f3lida y sostenible.<\/p>\n\n\n\n<p>Durante el evento, se presentar\u00e1n diversas actividades que incluyen charlas, talleres, conversatorios, showcases, clases magistrales, y DJ sets, distribuidas en siete espacios diferentes. Esta amplia oferta permitir\u00e1 a los asistentes explorar m\u00faltiples aspectos de la econom\u00eda creativa, desde la producci\u00f3n art\u00edstica hasta la gesti\u00f3n cultural.<\/p>\n\n\n\n<p>El Encuentro de Econom\u00eda Creativa de Pe\u00f1alol\u00e9n se consolida como una plataforma clave que busca potenciar el talento nacional, generar oportunidades para los nuevos profesionales y contribuir al di\u00e1logo sobre el futuro de la industria creativa en Chile.<\/p>\n\n\n\n<p>Fecha del evento: S\u00e1bado 19 de octubre de 2024&nbsp;<\/p>\n\n\n\n<p>Lugar: Centro Cultural Chimkowe, Pe\u00f1alol\u00e9n&nbsp; Av. Grecia 8787, Pe\u00f1alol\u00e9n.<\/p>\n\n\n\n<p>Hora: 10:00 &#8211; 20:30 horas&nbsp;<\/p>\n\n\n\n<p>Entrada Liberada, algunas actividades son con inscripci\u00f3n<\/p>\n\n\n\n<p>Para m\u00e1s informaci\u00f3n y consultar el programa completo, visita: <a href=\"https:\/\/territoriopenalolencreativa.cl\/\">https:\/\/territoriopenalolencreativa.cl\/<\/a><\/p>\n\n\n","protected":false},"excerpt":{"rendered":"<p>El Instituto Profesional Projazz formar\u00e1 parte del Encuentro de Econom\u00eda Creativa que se llevar\u00e1 a cabo en el Centro Cultural Chimkowe, Pe\u00f1alol\u00e9n, el s\u00e1bado 19 de octubre de 2024. Este evento reunir\u00e1 a diversas entidades e instituciones dedicadas a promover el desarrollo de las industrias creativas en Chile. El encuentro tiene como objetivo generar espacios &hellip;<\/p>\n<p class=\"read-more\"> <a class=\"\" href=\"https:\/\/projazz.cl\/web\/projazz-participara-en-el-encuentro-de-economia-creativa-en-penalolen\/\"> <span class=\"screen-reader-text\">Projazz participar\u00e1 en el Encuentro de Econom\u00eda Creativa en Pe\u00f1alol\u00e9n<\/span> Read More &raquo;<\/a><\/p>\n","protected":false},"author":1,"featured_media":3351,"comment_status":"open","ping_status":"open","sticky":false,"template":"","format":"standard","meta":{"footnotes":""},"categories":[11,14],"tags":[],"class_list":["post-3350","post","type-post","status-publish","format-standard","has-post-thumbnail","hentry","category-eventos","category-noticias"],"yoast_head":"<!-- This site is optimized with the Yoast SEO plugin v26.3 - https:\/\/yoast.com\/wordpress\/plugins\/seo\/ -->\n<title>Projazz participar\u00e1 en el Encuentro de Econom\u00eda Creativa en Pe\u00f1alol\u00e9n - Projazz<\/title>\n<meta name=\"robots\" content=\"index, follow, max-snippet:-1, max-image-preview:large, max-video-preview:-1\" \/>\n<link rel=\"canonical\" href=\"https:\/\/projazz.cl\/web\/projazz-participara-en-el-encuentro-de-economia-creativa-en-penalolen\/\" \/>\n<meta property=\"og:locale\" content=\"es_ES\" \/>\n<meta property=\"og:type\" content=\"article\" \/>\n<meta property=\"og:title\" content=\"Projazz participar\u00e1 en el Encuentro de Econom\u00eda Creativa en Pe\u00f1alol\u00e9n - Projazz\" \/>\n<meta property=\"og:description\" content=\"El Instituto Profesional Projazz formar\u00e1 parte del Encuentro de Econom\u00eda Creativa que se llevar\u00e1 a cabo en el Centro Cultural Chimkowe, Pe\u00f1alol\u00e9n, el s\u00e1bado 19 de octubre de 2024. Este evento reunir\u00e1 a diversas entidades e instituciones dedicadas a promover el desarrollo de las industrias creativas en Chile. El encuentro tiene como objetivo generar espacios &hellip; Projazz participar\u00e1 en el Encuentro de Econom\u00eda Creativa en Pe\u00f1alol\u00e9n Read More &raquo;\" \/>\n<meta property=\"og:url\" content=\"https:\/\/projazz.cl\/web\/projazz-participara-en-el-encuentro-de-economia-creativa-en-penalolen\/\" \/>\n<meta property=\"og:site_name\" content=\"Projazz\" \/>\n<meta property=\"article:publisher\" content=\"https:\/\/www.facebook.com\/projazzchile\" \/>\n<meta property=\"article:published_time\" content=\"2024-10-17T19:41:44+00:00\" \/>\n<meta property=\"article:modified_time\" content=\"2024-10-17T19:43:18+00:00\" \/>\n<meta property=\"og:image\" content=\"https:\/\/projazz.cl\/web\/wp-content\/uploads\/2024\/10\/decc.jpg\" \/>\n\t<meta property=\"og:image:width\" content=\"1192\" \/>\n\t<meta property=\"og:image:height\" content=\"782\" \/>\n\t<meta property=\"og:image:type\" content=\"image\/jpeg\" \/>\n<meta name=\"author\" content=\"jcampos\" \/>\n<meta name=\"twitter:card\" content=\"summary_large_image\" \/>\n<meta name=\"twitter:label1\" content=\"Escrito por\" \/>\n\t<meta name=\"twitter:data1\" content=\"jcampos\" \/>\n\t<meta name=\"twitter:label2\" content=\"Tiempo estimado de lectura\" \/>\n\t<meta name=\"twitter:data2\" content=\"1 minuto\" \/>\n<script type=\"application\/ld+json\" class=\"yoast-schema-graph\">{\"@context\":\"https:\/\/schema.org\",\"@graph\":[{\"@type\":\"Article\",\"@id\":\"https:\/\/projazz.cl\/web\/projazz-participara-en-el-encuentro-de-economia-creativa-en-penalolen\/#article\",\"isPartOf\":{\"@id\":\"https:\/\/projazz.cl\/web\/projazz-participara-en-el-encuentro-de-economia-creativa-en-penalolen\/\"},\"author\":{\"name\":\"jcampos\",\"@id\":\"https:\/\/projazz.cl\/web\/#\/schema\/person\/e8f59c9a6d61dfc7ff356d672db453f8\"},\"headline\":\"Projazz participar\u00e1 en el Encuentro de Econom\u00eda Creativa en Pe\u00f1alol\u00e9n\",\"datePublished\":\"2024-10-17T19:41:44+00:00\",\"dateModified\":\"2024-10-17T19:43:18+00:00\",\"mainEntityOfPage\":{\"@id\":\"https:\/\/projazz.cl\/web\/projazz-participara-en-el-encuentro-de-economia-creativa-en-penalolen\/\"},\"wordCount\":287,\"commentCount\":0,\"publisher\":{\"@id\":\"https:\/\/projazz.cl\/web\/#organization\"},\"image\":{\"@id\":\"https:\/\/projazz.cl\/web\/projazz-participara-en-el-encuentro-de-economia-creativa-en-penalolen\/#primaryimage\"},\"thumbnailUrl\":\"https:\/\/projazz.cl\/web\/wp-content\/uploads\/2024\/10\/decc.jpg\",\"articleSection\":[\"Eventos\",\"Noticias\"],\"inLanguage\":\"es-CL\",\"potentialAction\":[{\"@type\":\"CommentAction\",\"name\":\"Comment\",\"target\":[\"https:\/\/projazz.cl\/web\/projazz-participara-en-el-encuentro-de-economia-creativa-en-penalolen\/#respond\"]}]},{\"@type\":\"WebPage\",\"@id\":\"https:\/\/projazz.cl\/web\/projazz-participara-en-el-encuentro-de-economia-creativa-en-penalolen\/\",\"url\":\"https:\/\/projazz.cl\/web\/projazz-participara-en-el-encuentro-de-economia-creativa-en-penalolen\/\",\"name\":\"Projazz participar\u00e1 en el Encuentro de Econom\u00eda Creativa en Pe\u00f1alol\u00e9n - Projazz\",\"isPartOf\":{\"@id\":\"https:\/\/projazz.cl\/web\/#website\"},\"primaryImageOfPage\":{\"@id\":\"https:\/\/projazz.cl\/web\/projazz-participara-en-el-encuentro-de-economia-creativa-en-penalolen\/#primaryimage\"},\"image\":{\"@id\":\"https:\/\/projazz.cl\/web\/projazz-participara-en-el-encuentro-de-economia-creativa-en-penalolen\/#primaryimage\"},\"thumbnailUrl\":\"https:\/\/projazz.cl\/web\/wp-content\/uploads\/2024\/10\/decc.jpg\",\"datePublished\":\"2024-10-17T19:41:44+00:00\",\"dateModified\":\"2024-10-17T19:43:18+00:00\",\"breadcrumb\":{\"@id\":\"https:\/\/projazz.cl\/web\/projazz-participara-en-el-encuentro-de-economia-creativa-en-penalolen\/#breadcrumb\"},\"inLanguage\":\"es-CL\",\"potentialAction\":[{\"@type\":\"ReadAction\",\"target\":[\"https:\/\/projazz.cl\/web\/projazz-participara-en-el-encuentro-de-economia-creativa-en-penalolen\/\"]}]},{\"@type\":\"ImageObject\",\"inLanguage\":\"es-CL\",\"@id\":\"https:\/\/projazz.cl\/web\/projazz-participara-en-el-encuentro-de-economia-creativa-en-penalolen\/#primaryimage\",\"url\":\"https:\/\/projazz.cl\/web\/wp-content\/uploads\/2024\/10\/decc.jpg\",\"contentUrl\":\"https:\/\/projazz.cl\/web\/wp-content\/uploads\/2024\/10\/decc.jpg\",\"width\":1192,\"height\":782},{\"@type\":\"BreadcrumbList\",\"@id\":\"https:\/\/projazz.cl\/web\/projazz-participara-en-el-encuentro-de-economia-creativa-en-penalolen\/#breadcrumb\",\"itemListElement\":[{\"@type\":\"ListItem\",\"position\":1,\"name\":\"Portada\",\"item\":\"https:\/\/projazz.cl\/web\/\"},{\"@type\":\"ListItem\",\"position\":2,\"name\":\"Projazz participar\u00e1 en el Encuentro de Econom\u00eda Creativa en Pe\u00f1alol\u00e9n\"}]},{\"@type\":\"WebSite\",\"@id\":\"https:\/\/projazz.cl\/web\/#website\",\"url\":\"https:\/\/projazz.cl\/web\/\",\"name\":\"Projazz\",\"description\":\"Instituto Profesional \",\"publisher\":{\"@id\":\"https:\/\/projazz.cl\/web\/#organization\"},\"potentialAction\":[{\"@type\":\"SearchAction\",\"target\":{\"@type\":\"EntryPoint\",\"urlTemplate\":\"https:\/\/projazz.cl\/web\/?s={search_term_string}\"},\"query-input\":{\"@type\":\"PropertyValueSpecification\",\"valueRequired\":true,\"valueName\":\"search_term_string\"}}],\"inLanguage\":\"es-CL\"},{\"@type\":\"Organization\",\"@id\":\"https:\/\/projazz.cl\/web\/#organization\",\"name\":\"Projazz\",\"url\":\"https:\/\/projazz.cl\/web\/\",\"logo\":{\"@type\":\"ImageObject\",\"inLanguage\":\"es-CL\",\"@id\":\"https:\/\/projazz.cl\/web\/#\/schema\/logo\/image\/\",\"url\":\"https:\/\/projazz.cl\/web\/wp-content\/uploads\/2024\/10\/brand-projazz2.svg\",\"contentUrl\":\"https:\/\/projazz.cl\/web\/wp-content\/uploads\/2024\/10\/brand-projazz2.svg\",\"width\":161,\"height\":41,\"caption\":\"Projazz\"},\"image\":{\"@id\":\"https:\/\/projazz.cl\/web\/#\/schema\/logo\/image\/\"},\"sameAs\":[\"https:\/\/www.facebook.com\/projazzchile\",\"https:\/\/www.instagram.com\/projazzchile\"]},{\"@type\":\"Person\",\"@id\":\"https:\/\/projazz.cl\/web\/#\/schema\/person\/e8f59c9a6d61dfc7ff356d672db453f8\",\"name\":\"jcampos\",\"image\":{\"@type\":\"ImageObject\",\"inLanguage\":\"es-CL\",\"@id\":\"https:\/\/projazz.cl\/web\/#\/schema\/person\/image\/\",\"url\":\"https:\/\/secure.gravatar.com\/avatar\/5982436324a41ee489dd6e32b04f694f1ff5bd0b926ec80f929beb7441b69904?s=96&d=mm&r=g\",\"contentUrl\":\"https:\/\/secure.gravatar.com\/avatar\/5982436324a41ee489dd6e32b04f694f1ff5bd0b926ec80f929beb7441b69904?s=96&d=mm&r=g\",\"caption\":\"jcampos\"},\"sameAs\":[\"https:\/\/alapar.cl\/projazzweb\"],\"url\":\"https:\/\/projazz.cl\/web\/author\/jcampos\/\"}]}<\/script>\n<!-- \/ Yoast SEO plugin. -->","yoast_head_json":{"title":"Projazz participar\u00e1 en el Encuentro de Econom\u00eda Creativa en Pe\u00f1alol\u00e9n - Projazz","robots":{"index":"index","follow":"follow","max-snippet":"max-snippet:-1","max-image-preview":"max-image-preview:large","max-video-preview":"max-video-preview:-1"},"canonical":"https:\/\/projazz.cl\/web\/projazz-participara-en-el-encuentro-de-economia-creativa-en-penalolen\/","og_locale":"es_ES","og_type":"article","og_title":"Projazz participar\u00e1 en el Encuentro de Econom\u00eda Creativa en Pe\u00f1alol\u00e9n - Projazz","og_description":"El Instituto Profesional Projazz formar\u00e1 parte del Encuentro de Econom\u00eda Creativa que se llevar\u00e1 a cabo en el Centro Cultural Chimkowe, Pe\u00f1alol\u00e9n, el s\u00e1bado 19 de octubre de 2024. Este evento reunir\u00e1 a diversas entidades e instituciones dedicadas a promover el desarrollo de las industrias creativas en Chile. El encuentro tiene como objetivo generar espacios &hellip; Projazz participar\u00e1 en el Encuentro de Econom\u00eda Creativa en Pe\u00f1alol\u00e9n Read More &raquo;","og_url":"https:\/\/projazz.cl\/web\/projazz-participara-en-el-encuentro-de-economia-creativa-en-penalolen\/","og_site_name":"Projazz","article_publisher":"https:\/\/www.facebook.com\/projazzchile","article_published_time":"2024-10-17T19:41:44+00:00","article_modified_time":"2024-10-17T19:43:18+00:00","og_image":[{"width":1192,"height":782,"url":"https:\/\/projazz.cl\/web\/wp-content\/uploads\/2024\/10\/decc.jpg","type":"image\/jpeg"}],"author":"jcampos","twitter_card":"summary_large_image","twitter_misc":{"Escrito por":"jcampos","Tiempo estimado de lectura":"1 minuto"},"schema":{"@context":"https:\/\/schema.org","@graph":[{"@type":"Article","@id":"https:\/\/projazz.cl\/web\/projazz-participara-en-el-encuentro-de-economia-creativa-en-penalolen\/#article","isPartOf":{"@id":"https:\/\/projazz.cl\/web\/projazz-participara-en-el-encuentro-de-economia-creativa-en-penalolen\/"},"author":{"name":"jcampos","@id":"https:\/\/projazz.cl\/web\/#\/schema\/person\/e8f59c9a6d61dfc7ff356d672db453f8"},"headline":"Projazz participar\u00e1 en el Encuentro de Econom\u00eda Creativa en Pe\u00f1alol\u00e9n","datePublished":"2024-10-17T19:41:44+00:00","dateModified":"2024-10-17T19:43:18+00:00","mainEntityOfPage":{"@id":"https:\/\/projazz.cl\/web\/projazz-participara-en-el-encuentro-de-economia-creativa-en-penalolen\/"},"wordCount":287,"commentCount":0,"publisher":{"@id":"https:\/\/projazz.cl\/web\/#organization"},"image":{"@id":"https:\/\/projazz.cl\/web\/projazz-participara-en-el-encuentro-de-economia-creativa-en-penalolen\/#primaryimage"},"thumbnailUrl":"https:\/\/projazz.cl\/web\/wp-content\/uploads\/2024\/10\/decc.jpg","articleSection":["Eventos","Noticias"],"inLanguage":"es-CL","potentialAction":[{"@type":"CommentAction","name":"Comment","target":["https:\/\/projazz.cl\/web\/projazz-participara-en-el-encuentro-de-economia-creativa-en-penalolen\/#respond"]}]},{"@type":"WebPage","@id":"https:\/\/projazz.cl\/web\/projazz-participara-en-el-encuentro-de-economia-creativa-en-penalolen\/","url":"https:\/\/projazz.cl\/web\/projazz-participara-en-el-encuentro-de-economia-creativa-en-penalolen\/","name":"Projazz participar\u00e1 en el Encuentro de Econom\u00eda Creativa en Pe\u00f1alol\u00e9n - Projazz","isPartOf":{"@id":"https:\/\/projazz.cl\/web\/#website"},"primaryImageOfPage":{"@id":"https:\/\/projazz.cl\/web\/projazz-participara-en-el-encuentro-de-economia-creativa-en-penalolen\/#primaryimage"},"image":{"@id":"https:\/\/projazz.cl\/web\/projazz-participara-en-el-encuentro-de-economia-creativa-en-penalolen\/#primaryimage"},"thumbnailUrl":"https:\/\/projazz.cl\/web\/wp-content\/uploads\/2024\/10\/decc.jpg","datePublished":"2024-10-17T19:41:44+00:00","dateModified":"2024-10-17T19:43:18+00:00","breadcrumb":{"@id":"https:\/\/projazz.cl\/web\/projazz-participara-en-el-encuentro-de-economia-creativa-en-penalolen\/#breadcrumb"},"inLanguage":"es-CL","potentialAction":[{"@type":"ReadAction","target":["https:\/\/projazz.cl\/web\/projazz-participara-en-el-encuentro-de-economia-creativa-en-penalolen\/"]}]},{"@type":"ImageObject","inLanguage":"es-CL","@id":"https:\/\/projazz.cl\/web\/projazz-participara-en-el-encuentro-de-economia-creativa-en-penalolen\/#primaryimage","url":"https:\/\/projazz.cl\/web\/wp-content\/uploads\/2024\/10\/decc.jpg","contentUrl":"https:\/\/projazz.cl\/web\/wp-content\/uploads\/2024\/10\/decc.jpg","width":1192,"height":782},{"@type":"BreadcrumbList","@id":"https:\/\/projazz.cl\/web\/projazz-participara-en-el-encuentro-de-economia-creativa-en-penalolen\/#breadcrumb","itemListElement":[{"@type":"ListItem","position":1,"name":"Portada","item":"https:\/\/projazz.cl\/web\/"},{"@type":"ListItem","position":2,"name":"Projazz participar\u00e1 en el Encuentro de Econom\u00eda Creativa en Pe\u00f1alol\u00e9n"}]},{"@type":"WebSite","@id":"https:\/\/projazz.cl\/web\/#website","url":"https:\/\/projazz.cl\/web\/","name":"Projazz","description":"Instituto Profesional ","publisher":{"@id":"https:\/\/projazz.cl\/web\/#organization"},"potentialAction":[{"@type":"SearchAction","target":{"@type":"EntryPoint","urlTemplate":"https:\/\/projazz.cl\/web\/?s={search_term_string}"},"query-input":{"@type":"PropertyValueSpecification","valueRequired":true,"valueName":"search_term_string"}}],"inLanguage":"es-CL"},{"@type":"Organization","@id":"https:\/\/projazz.cl\/web\/#organization","name":"Projazz","url":"https:\/\/projazz.cl\/web\/","logo":{"@type":"ImageObject","inLanguage":"es-CL","@id":"https:\/\/projazz.cl\/web\/#\/schema\/logo\/image\/","url":"https:\/\/projazz.cl\/web\/wp-content\/uploads\/2024\/10\/brand-projazz2.svg","contentUrl":"https:\/\/projazz.cl\/web\/wp-content\/uploads\/2024\/10\/brand-projazz2.svg","width":161,"height":41,"caption":"Projazz"},"image":{"@id":"https:\/\/projazz.cl\/web\/#\/schema\/logo\/image\/"},"sameAs":["https:\/\/www.facebook.com\/projazzchile","https:\/\/www.instagram.com\/projazzchile"]},{"@type":"Person","@id":"https:\/\/projazz.cl\/web\/#\/schema\/person\/e8f59c9a6d61dfc7ff356d672db453f8","name":"jcampos","image":{"@type":"ImageObject","inLanguage":"es-CL","@id":"https:\/\/projazz.cl\/web\/#\/schema\/person\/image\/","url":"https:\/\/secure.gravatar.com\/avatar\/5982436324a41ee489dd6e32b04f694f1ff5bd0b926ec80f929beb7441b69904?s=96&d=mm&r=g","contentUrl":"https:\/\/secure.gravatar.com\/avatar\/5982436324a41ee489dd6e32b04f694f1ff5bd0b926ec80f929beb7441b69904?s=96&d=mm&r=g","caption":"jcampos"},"sameAs":["https:\/\/alapar.cl\/projazzweb"],"url":"https:\/\/projazz.cl\/web\/author\/jcampos\/"}]}},"_links":{"self":[{"href":"https:\/\/projazz.cl\/web\/wp-json\/wp\/v2\/posts\/3350","targetHints":{"allow":["GET"]}}],"collection":[{"href":"https:\/\/projazz.cl\/web\/wp-json\/wp\/v2\/posts"}],"about":[{"href":"https:\/\/projazz.cl\/web\/wp-json\/wp\/v2\/types\/post"}],"author":[{"embeddable":true,"href":"https:\/\/projazz.cl\/web\/wp-json\/wp\/v2\/users\/1"}],"replies":[{"embeddable":true,"href":"https:\/\/projazz.cl\/web\/wp-json\/wp\/v2\/comments?post=3350"}],"version-history":[{"count":3,"href":"https:\/\/projazz.cl\/web\/wp-json\/wp\/v2\/posts\/3350\/revisions"}],"predecessor-version":[{"id":3356,"href":"https:\/\/projazz.cl\/web\/wp-json\/wp\/v2\/posts\/3350\/revisions\/3356"}],"wp:featuredmedia":[{"embeddable":true,"href":"https:\/\/projazz.cl\/web\/wp-json\/wp\/v2\/media\/3351"}],"wp:attachment":[{"href":"https:\/\/projazz.cl\/web\/wp-json\/wp\/v2\/media?parent=3350"}],"wp:term":[{"taxonomy":"category","embeddable":true,"href":"https:\/\/projazz.cl\/web\/wp-json\/wp\/v2\/categories?post=3350"},{"taxonomy":"post_tag","embeddable":true,"href":"https:\/\/projazz.cl\/web\/wp-json\/wp\/v2\/tags?post=3350"}],"curies":[{"name":"wp","href":"https:\/\/api.w.org\/{rel}","templated":true}]}}