{"id":2404,"date":"2019-09-01T10:57:00","date_gmt":"2019-09-01T14:57:00","guid":{"rendered":"https:\/\/projazz.cl\/web\/?p=2404"},"modified":"2025-12-10T19:40:48","modified_gmt":"2025-12-10T22:40:48","slug":"jaime-ramos","status":"publish","type":"post","link":"https:\/\/projazz.cl\/web\/jaime-ramos\/","title":{"rendered":"Jaime Ramos P\u00e9rez"},"content":{"rendered":"\n<p>Compositor profesional especializado en medios audiovisuales y dise\u00f1ador de sonido, con un enfoque en la creaci\u00f3n de ambientes sonoros inmersivos para cine, publicidad, videojuegos y TV. Posee una s\u00f3lida formaci\u00f3n acad\u00e9mica internacional (Reino Unido e Italia) y nacional. Actualmente, se desempe\u00f1a como profesor de la c\u00e1tedra de Composici\u00f3n y Taller de M\u00fasica para Cine y Medios Audiovisuales en el Instituto Profesional Projazz , donde supervisa colaboraciones entre estudiantes de m\u00fasica y carreras audiovisuales.<\/p>\n\n\n\n<p>Cuenta con experiencia como pianista del grupo de vanguardia MediaBanda y ha trabajado en diversos proyectos audiovisuales, incluyendo la composici\u00f3n para el cortometraje de stop motion &#8220;Gaspar&#8221; (2025) entre otros.<\/p>\n\n\n\n<h2 class=\"wp-block-heading\">Asignaturas<\/h2>\n\n\n\n<p>Taller de M\u00fasica Para Cine y Medios Audiovisuales<\/p>\n\n\n\n<h2 class=\"wp-block-heading\">Estudios profesionales<\/h2>\n\n\n\n<p>Master en &#8220;Composici\u00f3n de m\u00fasica para Film y TV&#8221;, University of Bristol, Reino Unido.<br>Bachelor en &#8220;M\u00fasica y Nuevas Tecnolog\u00edas&#8221;, Conservatorio Statale L. Cherubini, Florencia, Italia.<br>Especialista en Arreglos y Composici\u00f3n en M\u00fasica Popular, Instituto Profesional Escuela Moderna de M\u00fasica, Chile.<br>Estudios superiores de Piano cl\u00e1sico con la profesora Paulina Zamora (2007-2008).<br>Estudios de piano cl\u00e1sico con la profesora Gabriela P\u00e9rez Poenisch (1979-1995).<\/p>\n\n\n\n<h2 class=\"wp-block-heading\">Presentaciones y premios<\/h2>\n\n\n\n<p>Ganador del Fondo de la M\u00fasica (2010) para especializaci\u00f3n profesional en el extranjero.<br>Presentaciones destacadas:<br>Composici\u00f3n para el cortometraje &#8220;Gaspar&#8221; (2025).<br>Arte sonoro para el proyecto museogr\u00e1fico &#8220;La USACH es un Museo&#8221; (2023).<br>Presentaci\u00f3n de obra multimedia &#8220;09:10am&#8221; en el festival Diffrazioni, Florencia, Italia (2014).<br>Gira europea con MediaBanda por Espa\u00f1a, Holanda, Alemania, Austria, Rep\u00fablica Checa y Francia (2007).<\/p>\n\n\n\n<h2 class=\"wp-block-heading\">Enlaces<\/h2>\n\n\n\n<p><a href=\"https:\/\/mods-audiovisual.weebly.com\">https:\/\/mods-audiovisual.weebly.com<\/a><br><a href=\"https:\/\/www.instagram.com\/mods.audiovisual\">https:\/\/www.instagram.com\/mods.audiovisual<\/a><\/p>\n","protected":false},"excerpt":{"rendered":"<p>Compositor profesional especializado en medios audiovisuales y dise\u00f1ador de sonido, con un enfoque en la creaci\u00f3n de ambientes sonoros inmersivos para cine, publicidad, videojuegos y TV. Posee una s\u00f3lida formaci\u00f3n acad\u00e9mica internacional (Reino Unido e Italia) y nacional. Actualmente, se desempe\u00f1a como profesor de la c\u00e1tedra de Composici\u00f3n y Taller de M\u00fasica para Cine y &hellip;<\/p>\n<p class=\"read-more\"> <a class=\"\" href=\"https:\/\/projazz.cl\/web\/jaime-ramos\/\"> <span class=\"screen-reader-text\">Jaime Ramos P\u00e9rez<\/span> Read More &raquo;<\/a><\/p>\n","protected":false},"author":1,"featured_media":7473,"comment_status":"open","ping_status":"open","sticky":false,"template":"","format":"standard","meta":{"footnotes":""},"categories":[16],"tags":[],"class_list":["post-2404","post","type-post","status-publish","format-standard","has-post-thumbnail","hentry","category-docentes-composicion-musical"],"yoast_head":"<!-- This site is optimized with the Yoast SEO plugin v26.3 - https:\/\/yoast.com\/wordpress\/plugins\/seo\/ -->\n<title>Jaime Ramos P\u00e9rez - Projazz<\/title>\n<meta name=\"robots\" content=\"index, follow, max-snippet:-1, max-image-preview:large, max-video-preview:-1\" \/>\n<link rel=\"canonical\" href=\"https:\/\/projazz.cl\/web\/jaime-ramos\/\" \/>\n<meta property=\"og:locale\" content=\"es_ES\" \/>\n<meta property=\"og:type\" content=\"article\" \/>\n<meta property=\"og:title\" content=\"Jaime Ramos P\u00e9rez - Projazz\" \/>\n<meta property=\"og:description\" content=\"Compositor profesional especializado en medios audiovisuales y dise\u00f1ador de sonido, con un enfoque en la creaci\u00f3n de ambientes sonoros inmersivos para cine, publicidad, videojuegos y TV. Posee una s\u00f3lida formaci\u00f3n acad\u00e9mica internacional (Reino Unido e Italia) y nacional. Actualmente, se desempe\u00f1a como profesor de la c\u00e1tedra de Composici\u00f3n y Taller de M\u00fasica para Cine y &hellip; Jaime Ramos P\u00e9rez Read More &raquo;\" \/>\n<meta property=\"og:url\" content=\"https:\/\/projazz.cl\/web\/jaime-ramos\/\" \/>\n<meta property=\"og:site_name\" content=\"Projazz\" \/>\n<meta property=\"article:publisher\" content=\"https:\/\/www.facebook.com\/projazzchile\" \/>\n<meta property=\"article:published_time\" content=\"2019-09-01T14:57:00+00:00\" \/>\n<meta property=\"article:modified_time\" content=\"2025-12-10T22:40:48+00:00\" \/>\n<meta property=\"og:image\" content=\"https:\/\/projazz.cl\/web\/wp-content\/uploads\/2019\/09\/jaime-ramos.jpg\" \/>\n\t<meta property=\"og:image:width\" content=\"600\" \/>\n\t<meta property=\"og:image:height\" content=\"870\" \/>\n\t<meta property=\"og:image:type\" content=\"image\/jpeg\" \/>\n<meta name=\"author\" content=\"jcampos\" \/>\n<meta name=\"twitter:card\" content=\"summary_large_image\" \/>\n<meta name=\"twitter:label1\" content=\"Escrito por\" \/>\n\t<meta name=\"twitter:data1\" content=\"jcampos\" \/>\n\t<meta name=\"twitter:label2\" content=\"Tiempo estimado de lectura\" \/>\n\t<meta name=\"twitter:data2\" content=\"2 minutos\" \/>\n<script type=\"application\/ld+json\" class=\"yoast-schema-graph\">{\"@context\":\"https:\/\/schema.org\",\"@graph\":[{\"@type\":\"Article\",\"@id\":\"https:\/\/projazz.cl\/web\/jaime-ramos\/#article\",\"isPartOf\":{\"@id\":\"https:\/\/projazz.cl\/web\/jaime-ramos\/\"},\"author\":{\"name\":\"jcampos\",\"@id\":\"https:\/\/projazz.cl\/web\/#\/schema\/person\/e8f59c9a6d61dfc7ff356d672db453f8\"},\"headline\":\"Jaime Ramos P\u00e9rez\",\"datePublished\":\"2019-09-01T14:57:00+00:00\",\"dateModified\":\"2025-12-10T22:40:48+00:00\",\"mainEntityOfPage\":{\"@id\":\"https:\/\/projazz.cl\/web\/jaime-ramos\/\"},\"wordCount\":276,\"commentCount\":0,\"publisher\":{\"@id\":\"https:\/\/projazz.cl\/web\/#organization\"},\"image\":{\"@id\":\"https:\/\/projazz.cl\/web\/jaime-ramos\/#primaryimage\"},\"thumbnailUrl\":\"https:\/\/projazz.cl\/web\/wp-content\/uploads\/2019\/09\/jaime-ramos.jpg\",\"articleSection\":[\"Docentes Composici\u00f3n Musical\"],\"inLanguage\":\"es-CL\",\"potentialAction\":[{\"@type\":\"CommentAction\",\"name\":\"Comment\",\"target\":[\"https:\/\/projazz.cl\/web\/jaime-ramos\/#respond\"]}]},{\"@type\":\"WebPage\",\"@id\":\"https:\/\/projazz.cl\/web\/jaime-ramos\/\",\"url\":\"https:\/\/projazz.cl\/web\/jaime-ramos\/\",\"name\":\"Jaime Ramos P\u00e9rez - Projazz\",\"isPartOf\":{\"@id\":\"https:\/\/projazz.cl\/web\/#website\"},\"primaryImageOfPage\":{\"@id\":\"https:\/\/projazz.cl\/web\/jaime-ramos\/#primaryimage\"},\"image\":{\"@id\":\"https:\/\/projazz.cl\/web\/jaime-ramos\/#primaryimage\"},\"thumbnailUrl\":\"https:\/\/projazz.cl\/web\/wp-content\/uploads\/2019\/09\/jaime-ramos.jpg\",\"datePublished\":\"2019-09-01T14:57:00+00:00\",\"dateModified\":\"2025-12-10T22:40:48+00:00\",\"breadcrumb\":{\"@id\":\"https:\/\/projazz.cl\/web\/jaime-ramos\/#breadcrumb\"},\"inLanguage\":\"es-CL\",\"potentialAction\":[{\"@type\":\"ReadAction\",\"target\":[\"https:\/\/projazz.cl\/web\/jaime-ramos\/\"]}]},{\"@type\":\"ImageObject\",\"inLanguage\":\"es-CL\",\"@id\":\"https:\/\/projazz.cl\/web\/jaime-ramos\/#primaryimage\",\"url\":\"https:\/\/projazz.cl\/web\/wp-content\/uploads\/2019\/09\/jaime-ramos.jpg\",\"contentUrl\":\"https:\/\/projazz.cl\/web\/wp-content\/uploads\/2019\/09\/jaime-ramos.jpg\",\"width\":600,\"height\":870},{\"@type\":\"BreadcrumbList\",\"@id\":\"https:\/\/projazz.cl\/web\/jaime-ramos\/#breadcrumb\",\"itemListElement\":[{\"@type\":\"ListItem\",\"position\":1,\"name\":\"Portada\",\"item\":\"https:\/\/projazz.cl\/web\/\"},{\"@type\":\"ListItem\",\"position\":2,\"name\":\"Jaime Ramos P\u00e9rez\"}]},{\"@type\":\"WebSite\",\"@id\":\"https:\/\/projazz.cl\/web\/#website\",\"url\":\"https:\/\/projazz.cl\/web\/\",\"name\":\"Projazz\",\"description\":\"Instituto Profesional \",\"publisher\":{\"@id\":\"https:\/\/projazz.cl\/web\/#organization\"},\"potentialAction\":[{\"@type\":\"SearchAction\",\"target\":{\"@type\":\"EntryPoint\",\"urlTemplate\":\"https:\/\/projazz.cl\/web\/?s={search_term_string}\"},\"query-input\":{\"@type\":\"PropertyValueSpecification\",\"valueRequired\":true,\"valueName\":\"search_term_string\"}}],\"inLanguage\":\"es-CL\"},{\"@type\":\"Organization\",\"@id\":\"https:\/\/projazz.cl\/web\/#organization\",\"name\":\"Projazz\",\"url\":\"https:\/\/projazz.cl\/web\/\",\"logo\":{\"@type\":\"ImageObject\",\"inLanguage\":\"es-CL\",\"@id\":\"https:\/\/projazz.cl\/web\/#\/schema\/logo\/image\/\",\"url\":\"https:\/\/projazz.cl\/web\/wp-content\/uploads\/2024\/10\/brand-projazz2.svg\",\"contentUrl\":\"https:\/\/projazz.cl\/web\/wp-content\/uploads\/2024\/10\/brand-projazz2.svg\",\"width\":161,\"height\":41,\"caption\":\"Projazz\"},\"image\":{\"@id\":\"https:\/\/projazz.cl\/web\/#\/schema\/logo\/image\/\"},\"sameAs\":[\"https:\/\/www.facebook.com\/projazzchile\",\"https:\/\/www.instagram.com\/projazzchile\"]},{\"@type\":\"Person\",\"@id\":\"https:\/\/projazz.cl\/web\/#\/schema\/person\/e8f59c9a6d61dfc7ff356d672db453f8\",\"name\":\"jcampos\",\"image\":{\"@type\":\"ImageObject\",\"inLanguage\":\"es-CL\",\"@id\":\"https:\/\/projazz.cl\/web\/#\/schema\/person\/image\/\",\"url\":\"https:\/\/secure.gravatar.com\/avatar\/5982436324a41ee489dd6e32b04f694f1ff5bd0b926ec80f929beb7441b69904?s=96&d=mm&r=g\",\"contentUrl\":\"https:\/\/secure.gravatar.com\/avatar\/5982436324a41ee489dd6e32b04f694f1ff5bd0b926ec80f929beb7441b69904?s=96&d=mm&r=g\",\"caption\":\"jcampos\"},\"sameAs\":[\"https:\/\/alapar.cl\/projazzweb\"],\"url\":\"https:\/\/projazz.cl\/web\/author\/jcampos\/\"}]}<\/script>\n<!-- \/ Yoast SEO plugin. -->","yoast_head_json":{"title":"Jaime Ramos P\u00e9rez - Projazz","robots":{"index":"index","follow":"follow","max-snippet":"max-snippet:-1","max-image-preview":"max-image-preview:large","max-video-preview":"max-video-preview:-1"},"canonical":"https:\/\/projazz.cl\/web\/jaime-ramos\/","og_locale":"es_ES","og_type":"article","og_title":"Jaime Ramos P\u00e9rez - Projazz","og_description":"Compositor profesional especializado en medios audiovisuales y dise\u00f1ador de sonido, con un enfoque en la creaci\u00f3n de ambientes sonoros inmersivos para cine, publicidad, videojuegos y TV. Posee una s\u00f3lida formaci\u00f3n acad\u00e9mica internacional (Reino Unido e Italia) y nacional. Actualmente, se desempe\u00f1a como profesor de la c\u00e1tedra de Composici\u00f3n y Taller de M\u00fasica para Cine y &hellip; Jaime Ramos P\u00e9rez Read More &raquo;","og_url":"https:\/\/projazz.cl\/web\/jaime-ramos\/","og_site_name":"Projazz","article_publisher":"https:\/\/www.facebook.com\/projazzchile","article_published_time":"2019-09-01T14:57:00+00:00","article_modified_time":"2025-12-10T22:40:48+00:00","og_image":[{"width":600,"height":870,"url":"https:\/\/projazz.cl\/web\/wp-content\/uploads\/2019\/09\/jaime-ramos.jpg","type":"image\/jpeg"}],"author":"jcampos","twitter_card":"summary_large_image","twitter_misc":{"Escrito por":"jcampos","Tiempo estimado de lectura":"2 minutos"},"schema":{"@context":"https:\/\/schema.org","@graph":[{"@type":"Article","@id":"https:\/\/projazz.cl\/web\/jaime-ramos\/#article","isPartOf":{"@id":"https:\/\/projazz.cl\/web\/jaime-ramos\/"},"author":{"name":"jcampos","@id":"https:\/\/projazz.cl\/web\/#\/schema\/person\/e8f59c9a6d61dfc7ff356d672db453f8"},"headline":"Jaime Ramos P\u00e9rez","datePublished":"2019-09-01T14:57:00+00:00","dateModified":"2025-12-10T22:40:48+00:00","mainEntityOfPage":{"@id":"https:\/\/projazz.cl\/web\/jaime-ramos\/"},"wordCount":276,"commentCount":0,"publisher":{"@id":"https:\/\/projazz.cl\/web\/#organization"},"image":{"@id":"https:\/\/projazz.cl\/web\/jaime-ramos\/#primaryimage"},"thumbnailUrl":"https:\/\/projazz.cl\/web\/wp-content\/uploads\/2019\/09\/jaime-ramos.jpg","articleSection":["Docentes Composici\u00f3n Musical"],"inLanguage":"es-CL","potentialAction":[{"@type":"CommentAction","name":"Comment","target":["https:\/\/projazz.cl\/web\/jaime-ramos\/#respond"]}]},{"@type":"WebPage","@id":"https:\/\/projazz.cl\/web\/jaime-ramos\/","url":"https:\/\/projazz.cl\/web\/jaime-ramos\/","name":"Jaime Ramos P\u00e9rez - Projazz","isPartOf":{"@id":"https:\/\/projazz.cl\/web\/#website"},"primaryImageOfPage":{"@id":"https:\/\/projazz.cl\/web\/jaime-ramos\/#primaryimage"},"image":{"@id":"https:\/\/projazz.cl\/web\/jaime-ramos\/#primaryimage"},"thumbnailUrl":"https:\/\/projazz.cl\/web\/wp-content\/uploads\/2019\/09\/jaime-ramos.jpg","datePublished":"2019-09-01T14:57:00+00:00","dateModified":"2025-12-10T22:40:48+00:00","breadcrumb":{"@id":"https:\/\/projazz.cl\/web\/jaime-ramos\/#breadcrumb"},"inLanguage":"es-CL","potentialAction":[{"@type":"ReadAction","target":["https:\/\/projazz.cl\/web\/jaime-ramos\/"]}]},{"@type":"ImageObject","inLanguage":"es-CL","@id":"https:\/\/projazz.cl\/web\/jaime-ramos\/#primaryimage","url":"https:\/\/projazz.cl\/web\/wp-content\/uploads\/2019\/09\/jaime-ramos.jpg","contentUrl":"https:\/\/projazz.cl\/web\/wp-content\/uploads\/2019\/09\/jaime-ramos.jpg","width":600,"height":870},{"@type":"BreadcrumbList","@id":"https:\/\/projazz.cl\/web\/jaime-ramos\/#breadcrumb","itemListElement":[{"@type":"ListItem","position":1,"name":"Portada","item":"https:\/\/projazz.cl\/web\/"},{"@type":"ListItem","position":2,"name":"Jaime Ramos P\u00e9rez"}]},{"@type":"WebSite","@id":"https:\/\/projazz.cl\/web\/#website","url":"https:\/\/projazz.cl\/web\/","name":"Projazz","description":"Instituto Profesional ","publisher":{"@id":"https:\/\/projazz.cl\/web\/#organization"},"potentialAction":[{"@type":"SearchAction","target":{"@type":"EntryPoint","urlTemplate":"https:\/\/projazz.cl\/web\/?s={search_term_string}"},"query-input":{"@type":"PropertyValueSpecification","valueRequired":true,"valueName":"search_term_string"}}],"inLanguage":"es-CL"},{"@type":"Organization","@id":"https:\/\/projazz.cl\/web\/#organization","name":"Projazz","url":"https:\/\/projazz.cl\/web\/","logo":{"@type":"ImageObject","inLanguage":"es-CL","@id":"https:\/\/projazz.cl\/web\/#\/schema\/logo\/image\/","url":"https:\/\/projazz.cl\/web\/wp-content\/uploads\/2024\/10\/brand-projazz2.svg","contentUrl":"https:\/\/projazz.cl\/web\/wp-content\/uploads\/2024\/10\/brand-projazz2.svg","width":161,"height":41,"caption":"Projazz"},"image":{"@id":"https:\/\/projazz.cl\/web\/#\/schema\/logo\/image\/"},"sameAs":["https:\/\/www.facebook.com\/projazzchile","https:\/\/www.instagram.com\/projazzchile"]},{"@type":"Person","@id":"https:\/\/projazz.cl\/web\/#\/schema\/person\/e8f59c9a6d61dfc7ff356d672db453f8","name":"jcampos","image":{"@type":"ImageObject","inLanguage":"es-CL","@id":"https:\/\/projazz.cl\/web\/#\/schema\/person\/image\/","url":"https:\/\/secure.gravatar.com\/avatar\/5982436324a41ee489dd6e32b04f694f1ff5bd0b926ec80f929beb7441b69904?s=96&d=mm&r=g","contentUrl":"https:\/\/secure.gravatar.com\/avatar\/5982436324a41ee489dd6e32b04f694f1ff5bd0b926ec80f929beb7441b69904?s=96&d=mm&r=g","caption":"jcampos"},"sameAs":["https:\/\/alapar.cl\/projazzweb"],"url":"https:\/\/projazz.cl\/web\/author\/jcampos\/"}]}},"_links":{"self":[{"href":"https:\/\/projazz.cl\/web\/wp-json\/wp\/v2\/posts\/2404","targetHints":{"allow":["GET"]}}],"collection":[{"href":"https:\/\/projazz.cl\/web\/wp-json\/wp\/v2\/posts"}],"about":[{"href":"https:\/\/projazz.cl\/web\/wp-json\/wp\/v2\/types\/post"}],"author":[{"embeddable":true,"href":"https:\/\/projazz.cl\/web\/wp-json\/wp\/v2\/users\/1"}],"replies":[{"embeddable":true,"href":"https:\/\/projazz.cl\/web\/wp-json\/wp\/v2\/comments?post=2404"}],"version-history":[{"count":2,"href":"https:\/\/projazz.cl\/web\/wp-json\/wp\/v2\/posts\/2404\/revisions"}],"predecessor-version":[{"id":7475,"href":"https:\/\/projazz.cl\/web\/wp-json\/wp\/v2\/posts\/2404\/revisions\/7475"}],"wp:featuredmedia":[{"embeddable":true,"href":"https:\/\/projazz.cl\/web\/wp-json\/wp\/v2\/media\/7473"}],"wp:attachment":[{"href":"https:\/\/projazz.cl\/web\/wp-json\/wp\/v2\/media?parent=2404"}],"wp:term":[{"taxonomy":"category","embeddable":true,"href":"https:\/\/projazz.cl\/web\/wp-json\/wp\/v2\/categories?post=2404"},{"taxonomy":"post_tag","embeddable":true,"href":"https:\/\/projazz.cl\/web\/wp-json\/wp\/v2\/tags?post=2404"}],"curies":[{"name":"wp","href":"https:\/\/api.w.org\/{rel}","templated":true}]}}