{"id":1984,"date":"2023-09-28T16:27:13","date_gmt":"2023-09-28T19:27:13","guid":{"rendered":"https:\/\/projazz.cl\/web\/?p=1984"},"modified":"2024-10-10T09:26:09","modified_gmt":"2024-10-10T12:26:09","slug":"something-rotten-comedia-musical-se-estrena-este-mes-en-el-aula-magna-de-la-universidad-de-santiago","status":"publish","type":"post","link":"https:\/\/projazz.cl\/web\/something-rotten-comedia-musical-se-estrena-este-mes-en-el-aula-magna-de-la-universidad-de-santiago\/","title":{"rendered":"Something Rotten!: Comedia musical se estrena este mes en el Aula Magna de la Universidad de Santiago"},"content":{"rendered":"\n<h3 class=\"wp-block-heading\">Fernanda Veas, estudiante de Int\u00e9rprete en Jazz&nbsp; y participante del ensamble de la obra, nos cuenta sobre esta producci\u00f3n que tendr\u00e1 descuento para nuestra comunidad<\/h3>\n\n\n\n<p>Something Rotten es una obra ambientada en el a\u00f1o 1595, donde tres hermanos se adentran en la b\u00fasqueda del \u00e9xito, haciendo frente al prestigio del afamado Shakespeare. Esta producci\u00f3n, estrenada por primera vez en Broadway en el a\u00f1o 2015, ha sido interpretada en diversos pa\u00edses de todo el mundo.<\/p>\n\n\n\n<p>Este a\u00f1o, la Compa\u00f1\u00eda de Teatro Rochambeau ha preparado una nueva versi\u00f3n bajo el gui\u00f3n original que ser\u00e1 interpretada para todo p\u00fablico los d\u00edas 7 y 8 de octubre en el Aula Magna de la USACH, ubicada en El Belloto #3735, en Estaci\u00f3n Central.<\/p>\n\n\n\n<p>\u201cSer miembro del Ensamble en esta producci\u00f3n ha sido maravilloso, cantar distintas armon\u00edas, bailar sin parar, actuar mil personajes distintos durante toda la obra, es una experiencia que no cambiar\u00eda por nada\u201d Relata Fernanda Veas sobre su participaci\u00f3n en esta obra.<\/p>\n\n\n\n<p>Y agreg\u00f3 que \u201cSomething Rotten es una comedia con un argumento muy, demasiado absurdo, pero a la vez real, actual y sincero, canciones y coreograf\u00edas tan bellas y entretenidas. El Teatro Musical, como todas las artes, deben ser mucho m\u00e1s apreciadas y reconocidas, es un trabajo gigante, horas de ensayo sin parar, much\u00edsimo sudor y cansancio, pero tambi\u00e9n, energ\u00eda, alegr\u00eda, y me atrevo a decir, que nos hemos convertido en una familia (&#8230;) Realmente vale la pena desempe\u00f1ar este arte, mostrarlo, y por sobre todo, verlo. Esta es una muy buena oportunidad para que disfruten y conozcan m\u00e1s lo que significa el Teatro Musical\u201d finaliz\u00f3.<\/p>\n\n\n\n<p>Si eres estudiante de Projazz podr\u00e1s acceder a un 10% de descuento con los siguientes c\u00f3digos disponibles:<\/p>\n\n\n\n<p><strong>S\u00e1bado 7\/10: 18:30 hrs\u00a0<br><\/strong>C\u00f3digo: Hamlet2023\u00a0<br><a href=\"https:\/\/www.portaldisc.com\/evento\/somethingrotten-1funcion\" target=\"_blank\" rel=\"noreferrer noopener\">https:\/\/www.portaldisc.com\/evento\/somethingrotten-1funcion<\/a><br><\/p>\n\n\n\n<p><strong>Domingo 8\/10 14:30 hrs\u00a0<br><\/strong>C\u00f3digo: Julieta2023\u00a0<br><a href=\"https:\/\/www.portaldisc.com\/evento\/somethingrotten-2funcion\" target=\"_blank\" rel=\"noreferrer noopener\">https:\/\/www.portaldisc.com\/evento\/somethingrotten-2funcion<\/a><br><\/p>\n\n\n\n<p><strong>Domingo 8\/10 18:30 hrs\u00a0<br><\/strong>C\u00f3digo: Nostradamus2023\u00a0<br><a href=\"https:\/\/www.portaldisc.com\/evento\/somethingrotten-3funcion\" target=\"_blank\" rel=\"noreferrer noopener\">https:\/\/www.portaldisc.com\/evento\/somethingrotten-3funcion<\/a><\/p>\n\n\n\n<p>Para m\u00e1s informaci\u00f3n sobre las entradas, obra y Compa\u00f1\u00eda Teatral Rochambeau, puedes revisar sus Redes Sociales <a href=\"https:\/\/www.instagram.com\/companiarochambeau\">@companiarochambeau<\/a> en Instagram.<\/p>\n\n\n\n<figure class=\"wp-block-image size-full\"><img fetchpriority=\"high\" decoding=\"async\" width=\"900\" height=\"1600\" src=\"https:\/\/projazz.cl\/web\/wp-content\/uploads\/2023\/09\/IMG-20230927-WA0014-1-1.jpg\" alt=\"\" class=\"wp-image-1987\" srcset=\"https:\/\/projazz.cl\/web\/wp-content\/uploads\/2023\/09\/IMG-20230927-WA0014-1-1.jpg 900w, https:\/\/projazz.cl\/web\/wp-content\/uploads\/2023\/09\/IMG-20230927-WA0014-1-1-169x300.jpg 169w, https:\/\/projazz.cl\/web\/wp-content\/uploads\/2023\/09\/IMG-20230927-WA0014-1-1-576x1024.jpg 576w, https:\/\/projazz.cl\/web\/wp-content\/uploads\/2023\/09\/IMG-20230927-WA0014-1-1-768x1365.jpg 768w, https:\/\/projazz.cl\/web\/wp-content\/uploads\/2023\/09\/IMG-20230927-WA0014-1-1-864x1536.jpg 864w\" sizes=\"(max-width: 900px) 100vw, 900px\" \/><\/figure>\n","protected":false},"excerpt":{"rendered":"<p>Fernanda Veas, estudiante de Int\u00e9rprete en Jazz&nbsp; y participante del ensamble de la obra, nos cuenta sobre esta producci\u00f3n que tendr\u00e1 descuento para nuestra comunidad Something Rotten es una obra ambientada en el a\u00f1o 1595, donde tres hermanos se adentran en la b\u00fasqueda del \u00e9xito, haciendo frente al prestigio del afamado Shakespeare. Esta producci\u00f3n, estrenada &hellip;<\/p>\n<p class=\"read-more\"> <a class=\"\" href=\"https:\/\/projazz.cl\/web\/something-rotten-comedia-musical-se-estrena-este-mes-en-el-aula-magna-de-la-universidad-de-santiago\/\"> <span class=\"screen-reader-text\">Something Rotten!: Comedia musical se estrena este mes en el Aula Magna de la Universidad de Santiago<\/span> Read More &raquo;<\/a><\/p>\n","protected":false},"author":1,"featured_media":1985,"comment_status":"open","ping_status":"open","sticky":false,"template":"","format":"standard","meta":{"footnotes":""},"categories":[14],"tags":[],"class_list":["post-1984","post","type-post","status-publish","format-standard","has-post-thumbnail","hentry","category-noticias"],"yoast_head":"<!-- This site is optimized with the Yoast SEO plugin v26.3 - https:\/\/yoast.com\/wordpress\/plugins\/seo\/ -->\n<title>Something Rotten!: Comedia musical se estrena este mes en el Aula Magna de la Universidad de Santiago - Projazz<\/title>\n<meta name=\"robots\" content=\"index, follow, max-snippet:-1, max-image-preview:large, max-video-preview:-1\" \/>\n<link rel=\"canonical\" href=\"https:\/\/projazz.cl\/web\/something-rotten-comedia-musical-se-estrena-este-mes-en-el-aula-magna-de-la-universidad-de-santiago\/\" \/>\n<meta property=\"og:locale\" content=\"es_ES\" \/>\n<meta property=\"og:type\" content=\"article\" \/>\n<meta property=\"og:title\" content=\"Something Rotten!: Comedia musical se estrena este mes en el Aula Magna de la Universidad de Santiago - Projazz\" \/>\n<meta property=\"og:description\" content=\"Fernanda Veas, estudiante de Int\u00e9rprete en Jazz&nbsp; y participante del ensamble de la obra, nos cuenta sobre esta producci\u00f3n que tendr\u00e1 descuento para nuestra comunidad Something Rotten es una obra ambientada en el a\u00f1o 1595, donde tres hermanos se adentran en la b\u00fasqueda del \u00e9xito, haciendo frente al prestigio del afamado Shakespeare. Esta producci\u00f3n, estrenada &hellip; Something Rotten!: Comedia musical se estrena este mes en el Aula Magna de la Universidad de Santiago Read More &raquo;\" \/>\n<meta property=\"og:url\" content=\"https:\/\/projazz.cl\/web\/something-rotten-comedia-musical-se-estrena-este-mes-en-el-aula-magna-de-la-universidad-de-santiago\/\" \/>\n<meta property=\"og:site_name\" content=\"Projazz\" \/>\n<meta property=\"article:publisher\" content=\"https:\/\/www.facebook.com\/projazzchile\" \/>\n<meta property=\"article:published_time\" content=\"2023-09-28T19:27:13+00:00\" \/>\n<meta property=\"article:modified_time\" content=\"2024-10-10T12:26:09+00:00\" \/>\n<meta property=\"og:image\" content=\"https:\/\/projazz.cl\/web\/wp-content\/uploads\/2023\/09\/379961994_1077438753238806_1471227170213746629_n-e1695929212788.jpg\" \/>\n\t<meta property=\"og:image:width\" content=\"1360\" \/>\n\t<meta property=\"og:image:height\" content=\"1000\" \/>\n\t<meta property=\"og:image:type\" content=\"image\/jpeg\" \/>\n<meta name=\"author\" content=\"jcampos\" \/>\n<meta name=\"twitter:card\" content=\"summary_large_image\" \/>\n<meta name=\"twitter:label1\" content=\"Escrito por\" \/>\n\t<meta name=\"twitter:data1\" content=\"jcampos\" \/>\n\t<meta name=\"twitter:label2\" content=\"Tiempo estimado de lectura\" \/>\n\t<meta name=\"twitter:data2\" content=\"2 minutos\" \/>\n<script type=\"application\/ld+json\" class=\"yoast-schema-graph\">{\"@context\":\"https:\/\/schema.org\",\"@graph\":[{\"@type\":\"Article\",\"@id\":\"https:\/\/projazz.cl\/web\/something-rotten-comedia-musical-se-estrena-este-mes-en-el-aula-magna-de-la-universidad-de-santiago\/#article\",\"isPartOf\":{\"@id\":\"https:\/\/projazz.cl\/web\/something-rotten-comedia-musical-se-estrena-este-mes-en-el-aula-magna-de-la-universidad-de-santiago\/\"},\"author\":{\"name\":\"jcampos\",\"@id\":\"https:\/\/projazz.cl\/web\/#\/schema\/person\/e8f59c9a6d61dfc7ff356d672db453f8\"},\"headline\":\"Something Rotten!: Comedia musical se estrena este mes en el Aula Magna de la Universidad de Santiago\",\"datePublished\":\"2023-09-28T19:27:13+00:00\",\"dateModified\":\"2024-10-10T12:26:09+00:00\",\"mainEntityOfPage\":{\"@id\":\"https:\/\/projazz.cl\/web\/something-rotten-comedia-musical-se-estrena-este-mes-en-el-aula-magna-de-la-universidad-de-santiago\/\"},\"wordCount\":379,\"commentCount\":0,\"publisher\":{\"@id\":\"https:\/\/projazz.cl\/web\/#organization\"},\"image\":{\"@id\":\"https:\/\/projazz.cl\/web\/something-rotten-comedia-musical-se-estrena-este-mes-en-el-aula-magna-de-la-universidad-de-santiago\/#primaryimage\"},\"thumbnailUrl\":\"https:\/\/projazz.cl\/web\/wp-content\/uploads\/2023\/09\/379961994_1077438753238806_1471227170213746629_n-e1695929212788.jpg\",\"articleSection\":[\"Noticias\"],\"inLanguage\":\"es-CL\",\"potentialAction\":[{\"@type\":\"CommentAction\",\"name\":\"Comment\",\"target\":[\"https:\/\/projazz.cl\/web\/something-rotten-comedia-musical-se-estrena-este-mes-en-el-aula-magna-de-la-universidad-de-santiago\/#respond\"]}]},{\"@type\":\"WebPage\",\"@id\":\"https:\/\/projazz.cl\/web\/something-rotten-comedia-musical-se-estrena-este-mes-en-el-aula-magna-de-la-universidad-de-santiago\/\",\"url\":\"https:\/\/projazz.cl\/web\/something-rotten-comedia-musical-se-estrena-este-mes-en-el-aula-magna-de-la-universidad-de-santiago\/\",\"name\":\"Something Rotten!: Comedia musical se estrena este mes en el Aula Magna de la Universidad de Santiago - Projazz\",\"isPartOf\":{\"@id\":\"https:\/\/projazz.cl\/web\/#website\"},\"primaryImageOfPage\":{\"@id\":\"https:\/\/projazz.cl\/web\/something-rotten-comedia-musical-se-estrena-este-mes-en-el-aula-magna-de-la-universidad-de-santiago\/#primaryimage\"},\"image\":{\"@id\":\"https:\/\/projazz.cl\/web\/something-rotten-comedia-musical-se-estrena-este-mes-en-el-aula-magna-de-la-universidad-de-santiago\/#primaryimage\"},\"thumbnailUrl\":\"https:\/\/projazz.cl\/web\/wp-content\/uploads\/2023\/09\/379961994_1077438753238806_1471227170213746629_n-e1695929212788.jpg\",\"datePublished\":\"2023-09-28T19:27:13+00:00\",\"dateModified\":\"2024-10-10T12:26:09+00:00\",\"breadcrumb\":{\"@id\":\"https:\/\/projazz.cl\/web\/something-rotten-comedia-musical-se-estrena-este-mes-en-el-aula-magna-de-la-universidad-de-santiago\/#breadcrumb\"},\"inLanguage\":\"es-CL\",\"potentialAction\":[{\"@type\":\"ReadAction\",\"target\":[\"https:\/\/projazz.cl\/web\/something-rotten-comedia-musical-se-estrena-este-mes-en-el-aula-magna-de-la-universidad-de-santiago\/\"]}]},{\"@type\":\"ImageObject\",\"inLanguage\":\"es-CL\",\"@id\":\"https:\/\/projazz.cl\/web\/something-rotten-comedia-musical-se-estrena-este-mes-en-el-aula-magna-de-la-universidad-de-santiago\/#primaryimage\",\"url\":\"https:\/\/projazz.cl\/web\/wp-content\/uploads\/2023\/09\/379961994_1077438753238806_1471227170213746629_n-e1695929212788.jpg\",\"contentUrl\":\"https:\/\/projazz.cl\/web\/wp-content\/uploads\/2023\/09\/379961994_1077438753238806_1471227170213746629_n-e1695929212788.jpg\",\"width\":1360,\"height\":1000},{\"@type\":\"BreadcrumbList\",\"@id\":\"https:\/\/projazz.cl\/web\/something-rotten-comedia-musical-se-estrena-este-mes-en-el-aula-magna-de-la-universidad-de-santiago\/#breadcrumb\",\"itemListElement\":[{\"@type\":\"ListItem\",\"position\":1,\"name\":\"Portada\",\"item\":\"https:\/\/projazz.cl\/web\/\"},{\"@type\":\"ListItem\",\"position\":2,\"name\":\"Something Rotten!: Comedia musical se estrena este mes en el Aula Magna de la Universidad de Santiago\"}]},{\"@type\":\"WebSite\",\"@id\":\"https:\/\/projazz.cl\/web\/#website\",\"url\":\"https:\/\/projazz.cl\/web\/\",\"name\":\"Projazz\",\"description\":\"Instituto Profesional \",\"publisher\":{\"@id\":\"https:\/\/projazz.cl\/web\/#organization\"},\"potentialAction\":[{\"@type\":\"SearchAction\",\"target\":{\"@type\":\"EntryPoint\",\"urlTemplate\":\"https:\/\/projazz.cl\/web\/?s={search_term_string}\"},\"query-input\":{\"@type\":\"PropertyValueSpecification\",\"valueRequired\":true,\"valueName\":\"search_term_string\"}}],\"inLanguage\":\"es-CL\"},{\"@type\":\"Organization\",\"@id\":\"https:\/\/projazz.cl\/web\/#organization\",\"name\":\"Projazz\",\"url\":\"https:\/\/projazz.cl\/web\/\",\"logo\":{\"@type\":\"ImageObject\",\"inLanguage\":\"es-CL\",\"@id\":\"https:\/\/projazz.cl\/web\/#\/schema\/logo\/image\/\",\"url\":\"https:\/\/projazz.cl\/web\/wp-content\/uploads\/2024\/10\/brand-projazz2.svg\",\"contentUrl\":\"https:\/\/projazz.cl\/web\/wp-content\/uploads\/2024\/10\/brand-projazz2.svg\",\"width\":161,\"height\":41,\"caption\":\"Projazz\"},\"image\":{\"@id\":\"https:\/\/projazz.cl\/web\/#\/schema\/logo\/image\/\"},\"sameAs\":[\"https:\/\/www.facebook.com\/projazzchile\",\"https:\/\/www.instagram.com\/projazzchile\"]},{\"@type\":\"Person\",\"@id\":\"https:\/\/projazz.cl\/web\/#\/schema\/person\/e8f59c9a6d61dfc7ff356d672db453f8\",\"name\":\"jcampos\",\"image\":{\"@type\":\"ImageObject\",\"inLanguage\":\"es-CL\",\"@id\":\"https:\/\/projazz.cl\/web\/#\/schema\/person\/image\/\",\"url\":\"https:\/\/secure.gravatar.com\/avatar\/5982436324a41ee489dd6e32b04f694f1ff5bd0b926ec80f929beb7441b69904?s=96&d=mm&r=g\",\"contentUrl\":\"https:\/\/secure.gravatar.com\/avatar\/5982436324a41ee489dd6e32b04f694f1ff5bd0b926ec80f929beb7441b69904?s=96&d=mm&r=g\",\"caption\":\"jcampos\"},\"sameAs\":[\"https:\/\/alapar.cl\/projazzweb\"],\"url\":\"https:\/\/projazz.cl\/web\/author\/jcampos\/\"}]}<\/script>\n<!-- \/ Yoast SEO plugin. -->","yoast_head_json":{"title":"Something Rotten!: Comedia musical se estrena este mes en el Aula Magna de la Universidad de Santiago - Projazz","robots":{"index":"index","follow":"follow","max-snippet":"max-snippet:-1","max-image-preview":"max-image-preview:large","max-video-preview":"max-video-preview:-1"},"canonical":"https:\/\/projazz.cl\/web\/something-rotten-comedia-musical-se-estrena-este-mes-en-el-aula-magna-de-la-universidad-de-santiago\/","og_locale":"es_ES","og_type":"article","og_title":"Something Rotten!: Comedia musical se estrena este mes en el Aula Magna de la Universidad de Santiago - Projazz","og_description":"Fernanda Veas, estudiante de Int\u00e9rprete en Jazz&nbsp; y participante del ensamble de la obra, nos cuenta sobre esta producci\u00f3n que tendr\u00e1 descuento para nuestra comunidad Something Rotten es una obra ambientada en el a\u00f1o 1595, donde tres hermanos se adentran en la b\u00fasqueda del \u00e9xito, haciendo frente al prestigio del afamado Shakespeare. Esta producci\u00f3n, estrenada &hellip; Something Rotten!: Comedia musical se estrena este mes en el Aula Magna de la Universidad de Santiago Read More &raquo;","og_url":"https:\/\/projazz.cl\/web\/something-rotten-comedia-musical-se-estrena-este-mes-en-el-aula-magna-de-la-universidad-de-santiago\/","og_site_name":"Projazz","article_publisher":"https:\/\/www.facebook.com\/projazzchile","article_published_time":"2023-09-28T19:27:13+00:00","article_modified_time":"2024-10-10T12:26:09+00:00","og_image":[{"width":1360,"height":1000,"url":"https:\/\/projazz.cl\/web\/wp-content\/uploads\/2023\/09\/379961994_1077438753238806_1471227170213746629_n-e1695929212788.jpg","type":"image\/jpeg"}],"author":"jcampos","twitter_card":"summary_large_image","twitter_misc":{"Escrito por":"jcampos","Tiempo estimado de lectura":"2 minutos"},"schema":{"@context":"https:\/\/schema.org","@graph":[{"@type":"Article","@id":"https:\/\/projazz.cl\/web\/something-rotten-comedia-musical-se-estrena-este-mes-en-el-aula-magna-de-la-universidad-de-santiago\/#article","isPartOf":{"@id":"https:\/\/projazz.cl\/web\/something-rotten-comedia-musical-se-estrena-este-mes-en-el-aula-magna-de-la-universidad-de-santiago\/"},"author":{"name":"jcampos","@id":"https:\/\/projazz.cl\/web\/#\/schema\/person\/e8f59c9a6d61dfc7ff356d672db453f8"},"headline":"Something Rotten!: Comedia musical se estrena este mes en el Aula Magna de la Universidad de Santiago","datePublished":"2023-09-28T19:27:13+00:00","dateModified":"2024-10-10T12:26:09+00:00","mainEntityOfPage":{"@id":"https:\/\/projazz.cl\/web\/something-rotten-comedia-musical-se-estrena-este-mes-en-el-aula-magna-de-la-universidad-de-santiago\/"},"wordCount":379,"commentCount":0,"publisher":{"@id":"https:\/\/projazz.cl\/web\/#organization"},"image":{"@id":"https:\/\/projazz.cl\/web\/something-rotten-comedia-musical-se-estrena-este-mes-en-el-aula-magna-de-la-universidad-de-santiago\/#primaryimage"},"thumbnailUrl":"https:\/\/projazz.cl\/web\/wp-content\/uploads\/2023\/09\/379961994_1077438753238806_1471227170213746629_n-e1695929212788.jpg","articleSection":["Noticias"],"inLanguage":"es-CL","potentialAction":[{"@type":"CommentAction","name":"Comment","target":["https:\/\/projazz.cl\/web\/something-rotten-comedia-musical-se-estrena-este-mes-en-el-aula-magna-de-la-universidad-de-santiago\/#respond"]}]},{"@type":"WebPage","@id":"https:\/\/projazz.cl\/web\/something-rotten-comedia-musical-se-estrena-este-mes-en-el-aula-magna-de-la-universidad-de-santiago\/","url":"https:\/\/projazz.cl\/web\/something-rotten-comedia-musical-se-estrena-este-mes-en-el-aula-magna-de-la-universidad-de-santiago\/","name":"Something Rotten!: Comedia musical se estrena este mes en el Aula Magna de la Universidad de Santiago - Projazz","isPartOf":{"@id":"https:\/\/projazz.cl\/web\/#website"},"primaryImageOfPage":{"@id":"https:\/\/projazz.cl\/web\/something-rotten-comedia-musical-se-estrena-este-mes-en-el-aula-magna-de-la-universidad-de-santiago\/#primaryimage"},"image":{"@id":"https:\/\/projazz.cl\/web\/something-rotten-comedia-musical-se-estrena-este-mes-en-el-aula-magna-de-la-universidad-de-santiago\/#primaryimage"},"thumbnailUrl":"https:\/\/projazz.cl\/web\/wp-content\/uploads\/2023\/09\/379961994_1077438753238806_1471227170213746629_n-e1695929212788.jpg","datePublished":"2023-09-28T19:27:13+00:00","dateModified":"2024-10-10T12:26:09+00:00","breadcrumb":{"@id":"https:\/\/projazz.cl\/web\/something-rotten-comedia-musical-se-estrena-este-mes-en-el-aula-magna-de-la-universidad-de-santiago\/#breadcrumb"},"inLanguage":"es-CL","potentialAction":[{"@type":"ReadAction","target":["https:\/\/projazz.cl\/web\/something-rotten-comedia-musical-se-estrena-este-mes-en-el-aula-magna-de-la-universidad-de-santiago\/"]}]},{"@type":"ImageObject","inLanguage":"es-CL","@id":"https:\/\/projazz.cl\/web\/something-rotten-comedia-musical-se-estrena-este-mes-en-el-aula-magna-de-la-universidad-de-santiago\/#primaryimage","url":"https:\/\/projazz.cl\/web\/wp-content\/uploads\/2023\/09\/379961994_1077438753238806_1471227170213746629_n-e1695929212788.jpg","contentUrl":"https:\/\/projazz.cl\/web\/wp-content\/uploads\/2023\/09\/379961994_1077438753238806_1471227170213746629_n-e1695929212788.jpg","width":1360,"height":1000},{"@type":"BreadcrumbList","@id":"https:\/\/projazz.cl\/web\/something-rotten-comedia-musical-se-estrena-este-mes-en-el-aula-magna-de-la-universidad-de-santiago\/#breadcrumb","itemListElement":[{"@type":"ListItem","position":1,"name":"Portada","item":"https:\/\/projazz.cl\/web\/"},{"@type":"ListItem","position":2,"name":"Something Rotten!: Comedia musical se estrena este mes en el Aula Magna de la Universidad de Santiago"}]},{"@type":"WebSite","@id":"https:\/\/projazz.cl\/web\/#website","url":"https:\/\/projazz.cl\/web\/","name":"Projazz","description":"Instituto Profesional ","publisher":{"@id":"https:\/\/projazz.cl\/web\/#organization"},"potentialAction":[{"@type":"SearchAction","target":{"@type":"EntryPoint","urlTemplate":"https:\/\/projazz.cl\/web\/?s={search_term_string}"},"query-input":{"@type":"PropertyValueSpecification","valueRequired":true,"valueName":"search_term_string"}}],"inLanguage":"es-CL"},{"@type":"Organization","@id":"https:\/\/projazz.cl\/web\/#organization","name":"Projazz","url":"https:\/\/projazz.cl\/web\/","logo":{"@type":"ImageObject","inLanguage":"es-CL","@id":"https:\/\/projazz.cl\/web\/#\/schema\/logo\/image\/","url":"https:\/\/projazz.cl\/web\/wp-content\/uploads\/2024\/10\/brand-projazz2.svg","contentUrl":"https:\/\/projazz.cl\/web\/wp-content\/uploads\/2024\/10\/brand-projazz2.svg","width":161,"height":41,"caption":"Projazz"},"image":{"@id":"https:\/\/projazz.cl\/web\/#\/schema\/logo\/image\/"},"sameAs":["https:\/\/www.facebook.com\/projazzchile","https:\/\/www.instagram.com\/projazzchile"]},{"@type":"Person","@id":"https:\/\/projazz.cl\/web\/#\/schema\/person\/e8f59c9a6d61dfc7ff356d672db453f8","name":"jcampos","image":{"@type":"ImageObject","inLanguage":"es-CL","@id":"https:\/\/projazz.cl\/web\/#\/schema\/person\/image\/","url":"https:\/\/secure.gravatar.com\/avatar\/5982436324a41ee489dd6e32b04f694f1ff5bd0b926ec80f929beb7441b69904?s=96&d=mm&r=g","contentUrl":"https:\/\/secure.gravatar.com\/avatar\/5982436324a41ee489dd6e32b04f694f1ff5bd0b926ec80f929beb7441b69904?s=96&d=mm&r=g","caption":"jcampos"},"sameAs":["https:\/\/alapar.cl\/projazzweb"],"url":"https:\/\/projazz.cl\/web\/author\/jcampos\/"}]}},"_links":{"self":[{"href":"https:\/\/projazz.cl\/web\/wp-json\/wp\/v2\/posts\/1984","targetHints":{"allow":["GET"]}}],"collection":[{"href":"https:\/\/projazz.cl\/web\/wp-json\/wp\/v2\/posts"}],"about":[{"href":"https:\/\/projazz.cl\/web\/wp-json\/wp\/v2\/types\/post"}],"author":[{"embeddable":true,"href":"https:\/\/projazz.cl\/web\/wp-json\/wp\/v2\/users\/1"}],"replies":[{"embeddable":true,"href":"https:\/\/projazz.cl\/web\/wp-json\/wp\/v2\/comments?post=1984"}],"version-history":[{"count":1,"href":"https:\/\/projazz.cl\/web\/wp-json\/wp\/v2\/posts\/1984\/revisions"}],"predecessor-version":[{"id":2439,"href":"https:\/\/projazz.cl\/web\/wp-json\/wp\/v2\/posts\/1984\/revisions\/2439"}],"wp:featuredmedia":[{"embeddable":true,"href":"https:\/\/projazz.cl\/web\/wp-json\/wp\/v2\/media\/1985"}],"wp:attachment":[{"href":"https:\/\/projazz.cl\/web\/wp-json\/wp\/v2\/media?parent=1984"}],"wp:term":[{"taxonomy":"category","embeddable":true,"href":"https:\/\/projazz.cl\/web\/wp-json\/wp\/v2\/categories?post=1984"},{"taxonomy":"post_tag","embeddable":true,"href":"https:\/\/projazz.cl\/web\/wp-json\/wp\/v2\/tags?post=1984"}],"curies":[{"name":"wp","href":"https:\/\/api.w.org\/{rel}","templated":true}]}}