{"id":1574,"date":"2020-01-04T12:41:18","date_gmt":"2020-01-04T16:41:18","guid":{"rendered":"https:\/\/projazz.cl\/web\/?p=1574"},"modified":"2025-12-10T18:58:16","modified_gmt":"2025-12-10T21:58:16","slug":"marcelo-maldonado","status":"publish","type":"post","link":"https:\/\/projazz.cl\/web\/marcelo-maldonado\/","title":{"rendered":"Marcelo Maldonado Faundez"},"content":{"rendered":"\n<p>Inici\u00f3 su carrera como m\u00fasico en la primera generaci\u00f3n de la Conchal\u00ed Big Band, bajo la ense\u00f1anza de profesores como Gerhard Mornhinweg y Carmelo Bustos. M\u00e1s adelante, bajo la tutela de Hector Parqu\u00edmetro Brice\u00f1o y Francisco Alaniz, inicia sus estudios en Projazz. M\u00e1s adelante, inici\u00f3 como m\u00fasico de sesi\u00f3n, ha tocado y grabado discos junto a Ana Tijoux, (La bala, 2011) el grupo funk Papanegro, el grupo de reggae 12 Tribus (12 Tribus, 2008; S\u00fabete, 2012) , La Orquesta de Salsa Negroson y la Orquesta Florida, que acompa\u00f1aba a la cantante Paz Court, adem\u00e1s de orquestas populares como la de Tito Troncoso. Su recorrido incluye adem\u00e1s instrucci\u00f3n en orquestaci\u00f3n, arreglos y composici\u00f3n con el maestro Toly Ram\u00edrez. Su regreso al jazz como nombre propio tuvo lugar en 2017 con el disco Buscavidas, que estren\u00f3 en el club Thelonious con su quinteto de inspiraci\u00f3n hard bop, disco que estuvo nominado a los premios pulsar en el a\u00f1o 2017. Tiempo despu\u00e9s, y movilizado por la causa mapuche, en 2020 comenz\u00f3 a escribir un nuevo cat\u00e1logo de obras donde fusion\u00f3 el Jazz con los ritmos del purr\u00fan.<\/p>\n\n\n\n<h2 class=\"wp-block-heading\">Asignaturas<\/h2>\n\n\n\n<p>Especialidad Instrumento &#8211; Tromb\u00f3n<\/p>\n\n\n\n<figure class=\"wp-block-embed-wordpress wp-block-embed is-type-wp-embed is-provider-musicapopular-cl\"><div class=\"wp-block-embed__wrapper\">\n<blockquote class=\"wp-embedded-content\" data-secret=\"nLJfOVKfXg\"><a href=\"https:\/\/www.musicapopular.cl\/artista\/marcelo-maldonado\/\">Marcelo Maldonado<\/a><\/blockquote><iframe class=\"wp-embedded-content\" sandbox=\"allow-scripts\" security=\"restricted\" style=\"position: absolute; visibility: hidden;\" title=\"&#171;Marcelo Maldonado&#187; &#8212; MusicaPopular.cl\" src=\"https:\/\/www.musicapopular.cl\/artista\/marcelo-maldonado\/embed\/#?secret=nLJfOVKfXg\" data-secret=\"nLJfOVKfXg\" width=\"500\" height=\"282\" frameborder=\"0\" marginwidth=\"0\" marginheight=\"0\" scrolling=\"no\"><\/iframe>\n<\/div><\/figure>\n\n\n\n<figure class=\"wp-block-embed is-type-video is-provider-youtube wp-block-embed-youtube wp-embed-aspect-4-3 wp-has-aspect-ratio\"><div class=\"wp-block-embed__wrapper\">\n<div class=\"ast-oembed-container\"><iframe title=\"01.- Anita Tijoux - La Bala\" width=\"500\" height=\"375\" src=\"https:\/\/www.youtube.com\/embed\/hR63Qz--SbQ?feature=oembed\" frameborder=\"0\" allow=\"accelerometer; autoplay; clipboard-write; encrypted-media; gyroscope; picture-in-picture; web-share\" referrerpolicy=\"strict-origin-when-cross-origin\" allowfullscreen><\/iframe><\/div>\n<\/div><\/figure>\n","protected":false},"excerpt":{"rendered":"<p>Tromb\u00f3n<\/p>\n","protected":false},"author":1,"featured_media":2193,"comment_status":"open","ping_status":"open","sticky":false,"template":"","format":"standard","meta":{"footnotes":""},"categories":[10],"tags":[],"class_list":["post-1574","post","type-post","status-publish","format-standard","has-post-thumbnail","hentry","category-docentes-interprete-en-jazz-musica-popular"],"yoast_head":"<!-- This site is optimized with the Yoast SEO plugin v26.3 - https:\/\/yoast.com\/wordpress\/plugins\/seo\/ -->\n<title>Marcelo Maldonado Faundez - Projazz<\/title>\n<meta name=\"robots\" content=\"index, follow, max-snippet:-1, max-image-preview:large, max-video-preview:-1\" \/>\n<link rel=\"canonical\" href=\"https:\/\/projazz.cl\/web\/marcelo-maldonado\/\" \/>\n<meta property=\"og:locale\" content=\"es_ES\" \/>\n<meta property=\"og:type\" content=\"article\" \/>\n<meta property=\"og:title\" content=\"Marcelo Maldonado Faundez - Projazz\" \/>\n<meta property=\"og:description\" content=\"Tromb\u00f3n\" \/>\n<meta property=\"og:url\" content=\"https:\/\/projazz.cl\/web\/marcelo-maldonado\/\" \/>\n<meta property=\"og:site_name\" content=\"Projazz\" \/>\n<meta property=\"article:publisher\" content=\"https:\/\/www.facebook.com\/projazzchile\" \/>\n<meta property=\"article:published_time\" content=\"2020-01-04T16:41:18+00:00\" \/>\n<meta property=\"article:modified_time\" content=\"2025-12-10T21:58:16+00:00\" \/>\n<meta property=\"og:image\" content=\"https:\/\/projazz.cl\/web\/wp-content\/uploads\/2020\/01\/marcelo-maldonado.jpg\" \/>\n\t<meta property=\"og:image:width\" content=\"600\" \/>\n\t<meta property=\"og:image:height\" content=\"870\" \/>\n\t<meta property=\"og:image:type\" content=\"image\/jpeg\" \/>\n<meta name=\"author\" content=\"jcampos\" \/>\n<meta name=\"twitter:card\" content=\"summary_large_image\" \/>\n<meta name=\"twitter:label1\" content=\"Escrito por\" \/>\n\t<meta name=\"twitter:data1\" content=\"jcampos\" \/>\n\t<meta name=\"twitter:label2\" content=\"Tiempo estimado de lectura\" \/>\n\t<meta name=\"twitter:data2\" content=\"2 minutos\" \/>\n<script type=\"application\/ld+json\" class=\"yoast-schema-graph\">{\"@context\":\"https:\/\/schema.org\",\"@graph\":[{\"@type\":\"Article\",\"@id\":\"https:\/\/projazz.cl\/web\/marcelo-maldonado\/#article\",\"isPartOf\":{\"@id\":\"https:\/\/projazz.cl\/web\/marcelo-maldonado\/\"},\"author\":{\"name\":\"jcampos\",\"@id\":\"https:\/\/projazz.cl\/web\/#\/schema\/person\/e8f59c9a6d61dfc7ff356d672db453f8\"},\"headline\":\"Marcelo Maldonado Faundez\",\"datePublished\":\"2020-01-04T16:41:18+00:00\",\"dateModified\":\"2025-12-10T21:58:16+00:00\",\"mainEntityOfPage\":{\"@id\":\"https:\/\/projazz.cl\/web\/marcelo-maldonado\/\"},\"wordCount\":227,\"commentCount\":0,\"publisher\":{\"@id\":\"https:\/\/projazz.cl\/web\/#organization\"},\"image\":{\"@id\":\"https:\/\/projazz.cl\/web\/marcelo-maldonado\/#primaryimage\"},\"thumbnailUrl\":\"https:\/\/projazz.cl\/web\/wp-content\/uploads\/2020\/01\/marcelo-maldonado.jpg\",\"articleSection\":[\"Docentes Int\u00e9rprete en Jazz y M\u00fasica Popular\"],\"inLanguage\":\"es-CL\",\"potentialAction\":[{\"@type\":\"CommentAction\",\"name\":\"Comment\",\"target\":[\"https:\/\/projazz.cl\/web\/marcelo-maldonado\/#respond\"]}]},{\"@type\":\"WebPage\",\"@id\":\"https:\/\/projazz.cl\/web\/marcelo-maldonado\/\",\"url\":\"https:\/\/projazz.cl\/web\/marcelo-maldonado\/\",\"name\":\"Marcelo Maldonado Faundez - Projazz\",\"isPartOf\":{\"@id\":\"https:\/\/projazz.cl\/web\/#website\"},\"primaryImageOfPage\":{\"@id\":\"https:\/\/projazz.cl\/web\/marcelo-maldonado\/#primaryimage\"},\"image\":{\"@id\":\"https:\/\/projazz.cl\/web\/marcelo-maldonado\/#primaryimage\"},\"thumbnailUrl\":\"https:\/\/projazz.cl\/web\/wp-content\/uploads\/2020\/01\/marcelo-maldonado.jpg\",\"datePublished\":\"2020-01-04T16:41:18+00:00\",\"dateModified\":\"2025-12-10T21:58:16+00:00\",\"breadcrumb\":{\"@id\":\"https:\/\/projazz.cl\/web\/marcelo-maldonado\/#breadcrumb\"},\"inLanguage\":\"es-CL\",\"potentialAction\":[{\"@type\":\"ReadAction\",\"target\":[\"https:\/\/projazz.cl\/web\/marcelo-maldonado\/\"]}]},{\"@type\":\"ImageObject\",\"inLanguage\":\"es-CL\",\"@id\":\"https:\/\/projazz.cl\/web\/marcelo-maldonado\/#primaryimage\",\"url\":\"https:\/\/projazz.cl\/web\/wp-content\/uploads\/2020\/01\/marcelo-maldonado.jpg\",\"contentUrl\":\"https:\/\/projazz.cl\/web\/wp-content\/uploads\/2020\/01\/marcelo-maldonado.jpg\",\"width\":600,\"height\":870},{\"@type\":\"BreadcrumbList\",\"@id\":\"https:\/\/projazz.cl\/web\/marcelo-maldonado\/#breadcrumb\",\"itemListElement\":[{\"@type\":\"ListItem\",\"position\":1,\"name\":\"Portada\",\"item\":\"https:\/\/projazz.cl\/web\/\"},{\"@type\":\"ListItem\",\"position\":2,\"name\":\"Marcelo Maldonado Faundez\"}]},{\"@type\":\"WebSite\",\"@id\":\"https:\/\/projazz.cl\/web\/#website\",\"url\":\"https:\/\/projazz.cl\/web\/\",\"name\":\"Projazz\",\"description\":\"Instituto Profesional \",\"publisher\":{\"@id\":\"https:\/\/projazz.cl\/web\/#organization\"},\"potentialAction\":[{\"@type\":\"SearchAction\",\"target\":{\"@type\":\"EntryPoint\",\"urlTemplate\":\"https:\/\/projazz.cl\/web\/?s={search_term_string}\"},\"query-input\":{\"@type\":\"PropertyValueSpecification\",\"valueRequired\":true,\"valueName\":\"search_term_string\"}}],\"inLanguage\":\"es-CL\"},{\"@type\":\"Organization\",\"@id\":\"https:\/\/projazz.cl\/web\/#organization\",\"name\":\"Projazz\",\"url\":\"https:\/\/projazz.cl\/web\/\",\"logo\":{\"@type\":\"ImageObject\",\"inLanguage\":\"es-CL\",\"@id\":\"https:\/\/projazz.cl\/web\/#\/schema\/logo\/image\/\",\"url\":\"https:\/\/projazz.cl\/web\/wp-content\/uploads\/2024\/10\/brand-projazz2.svg\",\"contentUrl\":\"https:\/\/projazz.cl\/web\/wp-content\/uploads\/2024\/10\/brand-projazz2.svg\",\"width\":161,\"height\":41,\"caption\":\"Projazz\"},\"image\":{\"@id\":\"https:\/\/projazz.cl\/web\/#\/schema\/logo\/image\/\"},\"sameAs\":[\"https:\/\/www.facebook.com\/projazzchile\",\"https:\/\/www.instagram.com\/projazzchile\"]},{\"@type\":\"Person\",\"@id\":\"https:\/\/projazz.cl\/web\/#\/schema\/person\/e8f59c9a6d61dfc7ff356d672db453f8\",\"name\":\"jcampos\",\"image\":{\"@type\":\"ImageObject\",\"inLanguage\":\"es-CL\",\"@id\":\"https:\/\/projazz.cl\/web\/#\/schema\/person\/image\/\",\"url\":\"https:\/\/secure.gravatar.com\/avatar\/5982436324a41ee489dd6e32b04f694f1ff5bd0b926ec80f929beb7441b69904?s=96&d=mm&r=g\",\"contentUrl\":\"https:\/\/secure.gravatar.com\/avatar\/5982436324a41ee489dd6e32b04f694f1ff5bd0b926ec80f929beb7441b69904?s=96&d=mm&r=g\",\"caption\":\"jcampos\"},\"sameAs\":[\"https:\/\/alapar.cl\/projazzweb\"],\"url\":\"https:\/\/projazz.cl\/web\/author\/jcampos\/\"}]}<\/script>\n<!-- \/ Yoast SEO plugin. -->","yoast_head_json":{"title":"Marcelo Maldonado Faundez - Projazz","robots":{"index":"index","follow":"follow","max-snippet":"max-snippet:-1","max-image-preview":"max-image-preview:large","max-video-preview":"max-video-preview:-1"},"canonical":"https:\/\/projazz.cl\/web\/marcelo-maldonado\/","og_locale":"es_ES","og_type":"article","og_title":"Marcelo Maldonado Faundez - Projazz","og_description":"Tromb\u00f3n","og_url":"https:\/\/projazz.cl\/web\/marcelo-maldonado\/","og_site_name":"Projazz","article_publisher":"https:\/\/www.facebook.com\/projazzchile","article_published_time":"2020-01-04T16:41:18+00:00","article_modified_time":"2025-12-10T21:58:16+00:00","og_image":[{"width":600,"height":870,"url":"https:\/\/projazz.cl\/web\/wp-content\/uploads\/2020\/01\/marcelo-maldonado.jpg","type":"image\/jpeg"}],"author":"jcampos","twitter_card":"summary_large_image","twitter_misc":{"Escrito por":"jcampos","Tiempo estimado de lectura":"2 minutos"},"schema":{"@context":"https:\/\/schema.org","@graph":[{"@type":"Article","@id":"https:\/\/projazz.cl\/web\/marcelo-maldonado\/#article","isPartOf":{"@id":"https:\/\/projazz.cl\/web\/marcelo-maldonado\/"},"author":{"name":"jcampos","@id":"https:\/\/projazz.cl\/web\/#\/schema\/person\/e8f59c9a6d61dfc7ff356d672db453f8"},"headline":"Marcelo Maldonado Faundez","datePublished":"2020-01-04T16:41:18+00:00","dateModified":"2025-12-10T21:58:16+00:00","mainEntityOfPage":{"@id":"https:\/\/projazz.cl\/web\/marcelo-maldonado\/"},"wordCount":227,"commentCount":0,"publisher":{"@id":"https:\/\/projazz.cl\/web\/#organization"},"image":{"@id":"https:\/\/projazz.cl\/web\/marcelo-maldonado\/#primaryimage"},"thumbnailUrl":"https:\/\/projazz.cl\/web\/wp-content\/uploads\/2020\/01\/marcelo-maldonado.jpg","articleSection":["Docentes Int\u00e9rprete en Jazz y M\u00fasica Popular"],"inLanguage":"es-CL","potentialAction":[{"@type":"CommentAction","name":"Comment","target":["https:\/\/projazz.cl\/web\/marcelo-maldonado\/#respond"]}]},{"@type":"WebPage","@id":"https:\/\/projazz.cl\/web\/marcelo-maldonado\/","url":"https:\/\/projazz.cl\/web\/marcelo-maldonado\/","name":"Marcelo Maldonado Faundez - Projazz","isPartOf":{"@id":"https:\/\/projazz.cl\/web\/#website"},"primaryImageOfPage":{"@id":"https:\/\/projazz.cl\/web\/marcelo-maldonado\/#primaryimage"},"image":{"@id":"https:\/\/projazz.cl\/web\/marcelo-maldonado\/#primaryimage"},"thumbnailUrl":"https:\/\/projazz.cl\/web\/wp-content\/uploads\/2020\/01\/marcelo-maldonado.jpg","datePublished":"2020-01-04T16:41:18+00:00","dateModified":"2025-12-10T21:58:16+00:00","breadcrumb":{"@id":"https:\/\/projazz.cl\/web\/marcelo-maldonado\/#breadcrumb"},"inLanguage":"es-CL","potentialAction":[{"@type":"ReadAction","target":["https:\/\/projazz.cl\/web\/marcelo-maldonado\/"]}]},{"@type":"ImageObject","inLanguage":"es-CL","@id":"https:\/\/projazz.cl\/web\/marcelo-maldonado\/#primaryimage","url":"https:\/\/projazz.cl\/web\/wp-content\/uploads\/2020\/01\/marcelo-maldonado.jpg","contentUrl":"https:\/\/projazz.cl\/web\/wp-content\/uploads\/2020\/01\/marcelo-maldonado.jpg","width":600,"height":870},{"@type":"BreadcrumbList","@id":"https:\/\/projazz.cl\/web\/marcelo-maldonado\/#breadcrumb","itemListElement":[{"@type":"ListItem","position":1,"name":"Portada","item":"https:\/\/projazz.cl\/web\/"},{"@type":"ListItem","position":2,"name":"Marcelo Maldonado Faundez"}]},{"@type":"WebSite","@id":"https:\/\/projazz.cl\/web\/#website","url":"https:\/\/projazz.cl\/web\/","name":"Projazz","description":"Instituto Profesional ","publisher":{"@id":"https:\/\/projazz.cl\/web\/#organization"},"potentialAction":[{"@type":"SearchAction","target":{"@type":"EntryPoint","urlTemplate":"https:\/\/projazz.cl\/web\/?s={search_term_string}"},"query-input":{"@type":"PropertyValueSpecification","valueRequired":true,"valueName":"search_term_string"}}],"inLanguage":"es-CL"},{"@type":"Organization","@id":"https:\/\/projazz.cl\/web\/#organization","name":"Projazz","url":"https:\/\/projazz.cl\/web\/","logo":{"@type":"ImageObject","inLanguage":"es-CL","@id":"https:\/\/projazz.cl\/web\/#\/schema\/logo\/image\/","url":"https:\/\/projazz.cl\/web\/wp-content\/uploads\/2024\/10\/brand-projazz2.svg","contentUrl":"https:\/\/projazz.cl\/web\/wp-content\/uploads\/2024\/10\/brand-projazz2.svg","width":161,"height":41,"caption":"Projazz"},"image":{"@id":"https:\/\/projazz.cl\/web\/#\/schema\/logo\/image\/"},"sameAs":["https:\/\/www.facebook.com\/projazzchile","https:\/\/www.instagram.com\/projazzchile"]},{"@type":"Person","@id":"https:\/\/projazz.cl\/web\/#\/schema\/person\/e8f59c9a6d61dfc7ff356d672db453f8","name":"jcampos","image":{"@type":"ImageObject","inLanguage":"es-CL","@id":"https:\/\/projazz.cl\/web\/#\/schema\/person\/image\/","url":"https:\/\/secure.gravatar.com\/avatar\/5982436324a41ee489dd6e32b04f694f1ff5bd0b926ec80f929beb7441b69904?s=96&d=mm&r=g","contentUrl":"https:\/\/secure.gravatar.com\/avatar\/5982436324a41ee489dd6e32b04f694f1ff5bd0b926ec80f929beb7441b69904?s=96&d=mm&r=g","caption":"jcampos"},"sameAs":["https:\/\/alapar.cl\/projazzweb"],"url":"https:\/\/projazz.cl\/web\/author\/jcampos\/"}]}},"_links":{"self":[{"href":"https:\/\/projazz.cl\/web\/wp-json\/wp\/v2\/posts\/1574","targetHints":{"allow":["GET"]}}],"collection":[{"href":"https:\/\/projazz.cl\/web\/wp-json\/wp\/v2\/posts"}],"about":[{"href":"https:\/\/projazz.cl\/web\/wp-json\/wp\/v2\/types\/post"}],"author":[{"embeddable":true,"href":"https:\/\/projazz.cl\/web\/wp-json\/wp\/v2\/users\/1"}],"replies":[{"embeddable":true,"href":"https:\/\/projazz.cl\/web\/wp-json\/wp\/v2\/comments?post=1574"}],"version-history":[{"count":3,"href":"https:\/\/projazz.cl\/web\/wp-json\/wp\/v2\/posts\/1574\/revisions"}],"predecessor-version":[{"id":7438,"href":"https:\/\/projazz.cl\/web\/wp-json\/wp\/v2\/posts\/1574\/revisions\/7438"}],"wp:featuredmedia":[{"embeddable":true,"href":"https:\/\/projazz.cl\/web\/wp-json\/wp\/v2\/media\/2193"}],"wp:attachment":[{"href":"https:\/\/projazz.cl\/web\/wp-json\/wp\/v2\/media?parent=1574"}],"wp:term":[{"taxonomy":"category","embeddable":true,"href":"https:\/\/projazz.cl\/web\/wp-json\/wp\/v2\/categories?post=1574"},{"taxonomy":"post_tag","embeddable":true,"href":"https:\/\/projazz.cl\/web\/wp-json\/wp\/v2\/tags?post=1574"}],"curies":[{"name":"wp","href":"https:\/\/api.w.org\/{rel}","templated":true}]}}