{"id":1566,"date":"2020-01-04T12:33:13","date_gmt":"2020-01-04T16:33:13","guid":{"rendered":"https:\/\/projazz.cl\/web\/?p=1566"},"modified":"2025-12-10T19:00:30","modified_gmt":"2025-12-10T22:00:30","slug":"gabriel-reyes","status":"publish","type":"post","link":"https:\/\/projazz.cl\/web\/gabriel-reyes\/","title":{"rendered":"Gabriel Reyes Alonso"},"content":{"rendered":"\n<p>Guitarrista y compositor Jazz, Licenciado en M\u00fasica, docente universitario y m\u00fasico activo de la escena nacional. Ha tenido temporadas de perfeccionamiento musical en la ciudad de Nueva York (EE.UU).<\/p>\n\n\n\n<p>Participa en distintos grupos de m\u00fasica popular y Jazz. Ha dirigido y participado en diversos tr\u00edos y cuartetos de Jazz tradicional y en formatos m\u00e1s grandes con enfoques modernos. Lidera, compone y produce para el sexteto Gabriel Reyes TREBOL, formado por destacados exponentes del Jazz en el pa\u00eds y con el que ha editado tres discos: Trebol (2008), Satori (2012) y ANICCA (2022). Como solista, UMBRAL (2025).<\/p>\n\n\n\n<p>Experiencia docente: Docente en Escuela de M\u00fasica SCD (2003 &#8211; 2010), en Universidad Arcis (2010 &#8211; 2014). Profesor particular de guitarra, improvisaci\u00f3n y composici\u00f3n (2003 &#8211; a la fecha).<\/p>\n\n\n\n<h2 class=\"wp-block-heading\">Asignaturas<\/h2>\n\n\n\n<p>Fundamentos de la Pr\u00e1ctica Instrumental: Guitarra<br>Instrumento Principal II<br>Taller de Ensamble Instrumental : Guitarra<br>Ensamble Swing<\/p>\n\n\n\n<h2 class=\"wp-block-heading\">Estudios profesionales<\/h2>\n\n\n\n<p>Int\u00e9rprete con menci\u00f3n en guitarra ( Escuela de m\u00fasica SCD), Licenciado en m\u00fasica (Universidad ARCIS)<br>Estudios de perfeccionamiento en School of Improvisational Music (Nueva York). <br>Estudios de guitarra e improvisaci\u00f3n con Brad Shepik , Mike Moreno y Gilad Hekselman. <br>Perfeccionamiento en composici\u00f3n con Ralph Alessi.<\/p>\n\n\n\n<h2 class=\"wp-block-heading\">Enlaces<\/h2>\n\n\n\n<figure class=\"wp-block-embed is-type-rich is-provider-spotify wp-block-embed-spotify wp-embed-aspect-21-9 wp-has-aspect-ratio\"><div class=\"wp-block-embed__wrapper\">\n<iframe title=\"Spotify Embed: Gabriel Reyes\" style=\"border-radius: 12px\" width=\"100%\" height=\"352\" frameborder=\"0\" allowfullscreen allow=\"autoplay; clipboard-write; encrypted-media; fullscreen; picture-in-picture\" loading=\"lazy\" src=\"https:\/\/open.spotify.com\/embed\/artist\/1dRUHpuwjX1LDYniLPVhMw?si=EVp8W87BQ3eAIR2cq5AOVg&#038;nd=1&#038;utm_source=oembed\"><\/iframe>\n<\/div><\/figure>\n","protected":false},"excerpt":{"rendered":"<p>T\u00e9cnica Instrumental Aplicada Guitarra, Ensamble Instrumental Guitarra, Ensamble de Swing, Ensamble de Jazz<\/p>\n","protected":false},"author":1,"featured_media":2199,"comment_status":"open","ping_status":"open","sticky":false,"template":"","format":"standard","meta":{"footnotes":""},"categories":[16,10],"tags":[],"class_list":["post-1566","post","type-post","status-publish","format-standard","has-post-thumbnail","hentry","category-docentes-composicion-musical","category-docentes-interprete-en-jazz-musica-popular"],"yoast_head":"<!-- This site is optimized with the Yoast SEO plugin v26.3 - https:\/\/yoast.com\/wordpress\/plugins\/seo\/ -->\n<title>Gabriel Reyes Alonso - Projazz<\/title>\n<meta name=\"robots\" content=\"index, follow, max-snippet:-1, max-image-preview:large, max-video-preview:-1\" \/>\n<link rel=\"canonical\" href=\"https:\/\/projazz.cl\/web\/gabriel-reyes\/\" \/>\n<meta property=\"og:locale\" content=\"es_ES\" \/>\n<meta property=\"og:type\" content=\"article\" \/>\n<meta property=\"og:title\" content=\"Gabriel Reyes Alonso - Projazz\" \/>\n<meta property=\"og:description\" content=\"T\u00e9cnica Instrumental Aplicada Guitarra, Ensamble Instrumental Guitarra, Ensamble de Swing, Ensamble de Jazz\" \/>\n<meta property=\"og:url\" content=\"https:\/\/projazz.cl\/web\/gabriel-reyes\/\" \/>\n<meta property=\"og:site_name\" content=\"Projazz\" \/>\n<meta property=\"article:publisher\" content=\"https:\/\/www.facebook.com\/projazzchile\" \/>\n<meta property=\"article:published_time\" content=\"2020-01-04T16:33:13+00:00\" \/>\n<meta property=\"article:modified_time\" content=\"2025-12-10T22:00:30+00:00\" \/>\n<meta property=\"og:image\" content=\"https:\/\/projazz.cl\/web\/wp-content\/uploads\/2020\/01\/gabriel-reyes.jpg\" \/>\n\t<meta property=\"og:image:width\" content=\"600\" \/>\n\t<meta property=\"og:image:height\" content=\"870\" \/>\n\t<meta property=\"og:image:type\" content=\"image\/jpeg\" \/>\n<meta name=\"author\" content=\"jcampos\" \/>\n<meta name=\"twitter:card\" content=\"summary_large_image\" \/>\n<meta name=\"twitter:label1\" content=\"Escrito por\" \/>\n\t<meta name=\"twitter:data1\" content=\"jcampos\" \/>\n\t<meta name=\"twitter:label2\" content=\"Tiempo estimado de lectura\" \/>\n\t<meta name=\"twitter:data2\" content=\"2 minutos\" \/>\n<script type=\"application\/ld+json\" class=\"yoast-schema-graph\">{\"@context\":\"https:\/\/schema.org\",\"@graph\":[{\"@type\":\"Article\",\"@id\":\"https:\/\/projazz.cl\/web\/gabriel-reyes\/#article\",\"isPartOf\":{\"@id\":\"https:\/\/projazz.cl\/web\/gabriel-reyes\/\"},\"author\":{\"name\":\"jcampos\",\"@id\":\"https:\/\/projazz.cl\/web\/#\/schema\/person\/e8f59c9a6d61dfc7ff356d672db453f8\"},\"headline\":\"Gabriel Reyes Alonso\",\"datePublished\":\"2020-01-04T16:33:13+00:00\",\"dateModified\":\"2025-12-10T22:00:30+00:00\",\"mainEntityOfPage\":{\"@id\":\"https:\/\/projazz.cl\/web\/gabriel-reyes\/\"},\"wordCount\":213,\"commentCount\":0,\"publisher\":{\"@id\":\"https:\/\/projazz.cl\/web\/#organization\"},\"image\":{\"@id\":\"https:\/\/projazz.cl\/web\/gabriel-reyes\/#primaryimage\"},\"thumbnailUrl\":\"https:\/\/projazz.cl\/web\/wp-content\/uploads\/2020\/01\/gabriel-reyes.jpg\",\"articleSection\":[\"Docentes Composici\u00f3n Musical\",\"Docentes Int\u00e9rprete en Jazz y M\u00fasica Popular\"],\"inLanguage\":\"es-CL\",\"potentialAction\":[{\"@type\":\"CommentAction\",\"name\":\"Comment\",\"target\":[\"https:\/\/projazz.cl\/web\/gabriel-reyes\/#respond\"]}]},{\"@type\":\"WebPage\",\"@id\":\"https:\/\/projazz.cl\/web\/gabriel-reyes\/\",\"url\":\"https:\/\/projazz.cl\/web\/gabriel-reyes\/\",\"name\":\"Gabriel Reyes Alonso - Projazz\",\"isPartOf\":{\"@id\":\"https:\/\/projazz.cl\/web\/#website\"},\"primaryImageOfPage\":{\"@id\":\"https:\/\/projazz.cl\/web\/gabriel-reyes\/#primaryimage\"},\"image\":{\"@id\":\"https:\/\/projazz.cl\/web\/gabriel-reyes\/#primaryimage\"},\"thumbnailUrl\":\"https:\/\/projazz.cl\/web\/wp-content\/uploads\/2020\/01\/gabriel-reyes.jpg\",\"datePublished\":\"2020-01-04T16:33:13+00:00\",\"dateModified\":\"2025-12-10T22:00:30+00:00\",\"breadcrumb\":{\"@id\":\"https:\/\/projazz.cl\/web\/gabriel-reyes\/#breadcrumb\"},\"inLanguage\":\"es-CL\",\"potentialAction\":[{\"@type\":\"ReadAction\",\"target\":[\"https:\/\/projazz.cl\/web\/gabriel-reyes\/\"]}]},{\"@type\":\"ImageObject\",\"inLanguage\":\"es-CL\",\"@id\":\"https:\/\/projazz.cl\/web\/gabriel-reyes\/#primaryimage\",\"url\":\"https:\/\/projazz.cl\/web\/wp-content\/uploads\/2020\/01\/gabriel-reyes.jpg\",\"contentUrl\":\"https:\/\/projazz.cl\/web\/wp-content\/uploads\/2020\/01\/gabriel-reyes.jpg\",\"width\":600,\"height\":870},{\"@type\":\"BreadcrumbList\",\"@id\":\"https:\/\/projazz.cl\/web\/gabriel-reyes\/#breadcrumb\",\"itemListElement\":[{\"@type\":\"ListItem\",\"position\":1,\"name\":\"Portada\",\"item\":\"https:\/\/projazz.cl\/web\/\"},{\"@type\":\"ListItem\",\"position\":2,\"name\":\"Gabriel Reyes Alonso\"}]},{\"@type\":\"WebSite\",\"@id\":\"https:\/\/projazz.cl\/web\/#website\",\"url\":\"https:\/\/projazz.cl\/web\/\",\"name\":\"Projazz\",\"description\":\"Instituto Profesional \",\"publisher\":{\"@id\":\"https:\/\/projazz.cl\/web\/#organization\"},\"potentialAction\":[{\"@type\":\"SearchAction\",\"target\":{\"@type\":\"EntryPoint\",\"urlTemplate\":\"https:\/\/projazz.cl\/web\/?s={search_term_string}\"},\"query-input\":{\"@type\":\"PropertyValueSpecification\",\"valueRequired\":true,\"valueName\":\"search_term_string\"}}],\"inLanguage\":\"es-CL\"},{\"@type\":\"Organization\",\"@id\":\"https:\/\/projazz.cl\/web\/#organization\",\"name\":\"Projazz\",\"url\":\"https:\/\/projazz.cl\/web\/\",\"logo\":{\"@type\":\"ImageObject\",\"inLanguage\":\"es-CL\",\"@id\":\"https:\/\/projazz.cl\/web\/#\/schema\/logo\/image\/\",\"url\":\"https:\/\/projazz.cl\/web\/wp-content\/uploads\/2024\/10\/brand-projazz2.svg\",\"contentUrl\":\"https:\/\/projazz.cl\/web\/wp-content\/uploads\/2024\/10\/brand-projazz2.svg\",\"width\":161,\"height\":41,\"caption\":\"Projazz\"},\"image\":{\"@id\":\"https:\/\/projazz.cl\/web\/#\/schema\/logo\/image\/\"},\"sameAs\":[\"https:\/\/www.facebook.com\/projazzchile\",\"https:\/\/www.instagram.com\/projazzchile\"]},{\"@type\":\"Person\",\"@id\":\"https:\/\/projazz.cl\/web\/#\/schema\/person\/e8f59c9a6d61dfc7ff356d672db453f8\",\"name\":\"jcampos\",\"image\":{\"@type\":\"ImageObject\",\"inLanguage\":\"es-CL\",\"@id\":\"https:\/\/projazz.cl\/web\/#\/schema\/person\/image\/\",\"url\":\"https:\/\/secure.gravatar.com\/avatar\/5982436324a41ee489dd6e32b04f694f1ff5bd0b926ec80f929beb7441b69904?s=96&d=mm&r=g\",\"contentUrl\":\"https:\/\/secure.gravatar.com\/avatar\/5982436324a41ee489dd6e32b04f694f1ff5bd0b926ec80f929beb7441b69904?s=96&d=mm&r=g\",\"caption\":\"jcampos\"},\"sameAs\":[\"https:\/\/alapar.cl\/projazzweb\"],\"url\":\"https:\/\/projazz.cl\/web\/author\/jcampos\/\"}]}<\/script>\n<!-- \/ Yoast SEO plugin. -->","yoast_head_json":{"title":"Gabriel Reyes Alonso - Projazz","robots":{"index":"index","follow":"follow","max-snippet":"max-snippet:-1","max-image-preview":"max-image-preview:large","max-video-preview":"max-video-preview:-1"},"canonical":"https:\/\/projazz.cl\/web\/gabriel-reyes\/","og_locale":"es_ES","og_type":"article","og_title":"Gabriel Reyes Alonso - Projazz","og_description":"T\u00e9cnica Instrumental Aplicada Guitarra, Ensamble Instrumental Guitarra, Ensamble de Swing, Ensamble de Jazz","og_url":"https:\/\/projazz.cl\/web\/gabriel-reyes\/","og_site_name":"Projazz","article_publisher":"https:\/\/www.facebook.com\/projazzchile","article_published_time":"2020-01-04T16:33:13+00:00","article_modified_time":"2025-12-10T22:00:30+00:00","og_image":[{"width":600,"height":870,"url":"https:\/\/projazz.cl\/web\/wp-content\/uploads\/2020\/01\/gabriel-reyes.jpg","type":"image\/jpeg"}],"author":"jcampos","twitter_card":"summary_large_image","twitter_misc":{"Escrito por":"jcampos","Tiempo estimado de lectura":"2 minutos"},"schema":{"@context":"https:\/\/schema.org","@graph":[{"@type":"Article","@id":"https:\/\/projazz.cl\/web\/gabriel-reyes\/#article","isPartOf":{"@id":"https:\/\/projazz.cl\/web\/gabriel-reyes\/"},"author":{"name":"jcampos","@id":"https:\/\/projazz.cl\/web\/#\/schema\/person\/e8f59c9a6d61dfc7ff356d672db453f8"},"headline":"Gabriel Reyes Alonso","datePublished":"2020-01-04T16:33:13+00:00","dateModified":"2025-12-10T22:00:30+00:00","mainEntityOfPage":{"@id":"https:\/\/projazz.cl\/web\/gabriel-reyes\/"},"wordCount":213,"commentCount":0,"publisher":{"@id":"https:\/\/projazz.cl\/web\/#organization"},"image":{"@id":"https:\/\/projazz.cl\/web\/gabriel-reyes\/#primaryimage"},"thumbnailUrl":"https:\/\/projazz.cl\/web\/wp-content\/uploads\/2020\/01\/gabriel-reyes.jpg","articleSection":["Docentes Composici\u00f3n Musical","Docentes Int\u00e9rprete en Jazz y M\u00fasica Popular"],"inLanguage":"es-CL","potentialAction":[{"@type":"CommentAction","name":"Comment","target":["https:\/\/projazz.cl\/web\/gabriel-reyes\/#respond"]}]},{"@type":"WebPage","@id":"https:\/\/projazz.cl\/web\/gabriel-reyes\/","url":"https:\/\/projazz.cl\/web\/gabriel-reyes\/","name":"Gabriel Reyes Alonso - Projazz","isPartOf":{"@id":"https:\/\/projazz.cl\/web\/#website"},"primaryImageOfPage":{"@id":"https:\/\/projazz.cl\/web\/gabriel-reyes\/#primaryimage"},"image":{"@id":"https:\/\/projazz.cl\/web\/gabriel-reyes\/#primaryimage"},"thumbnailUrl":"https:\/\/projazz.cl\/web\/wp-content\/uploads\/2020\/01\/gabriel-reyes.jpg","datePublished":"2020-01-04T16:33:13+00:00","dateModified":"2025-12-10T22:00:30+00:00","breadcrumb":{"@id":"https:\/\/projazz.cl\/web\/gabriel-reyes\/#breadcrumb"},"inLanguage":"es-CL","potentialAction":[{"@type":"ReadAction","target":["https:\/\/projazz.cl\/web\/gabriel-reyes\/"]}]},{"@type":"ImageObject","inLanguage":"es-CL","@id":"https:\/\/projazz.cl\/web\/gabriel-reyes\/#primaryimage","url":"https:\/\/projazz.cl\/web\/wp-content\/uploads\/2020\/01\/gabriel-reyes.jpg","contentUrl":"https:\/\/projazz.cl\/web\/wp-content\/uploads\/2020\/01\/gabriel-reyes.jpg","width":600,"height":870},{"@type":"BreadcrumbList","@id":"https:\/\/projazz.cl\/web\/gabriel-reyes\/#breadcrumb","itemListElement":[{"@type":"ListItem","position":1,"name":"Portada","item":"https:\/\/projazz.cl\/web\/"},{"@type":"ListItem","position":2,"name":"Gabriel Reyes Alonso"}]},{"@type":"WebSite","@id":"https:\/\/projazz.cl\/web\/#website","url":"https:\/\/projazz.cl\/web\/","name":"Projazz","description":"Instituto Profesional ","publisher":{"@id":"https:\/\/projazz.cl\/web\/#organization"},"potentialAction":[{"@type":"SearchAction","target":{"@type":"EntryPoint","urlTemplate":"https:\/\/projazz.cl\/web\/?s={search_term_string}"},"query-input":{"@type":"PropertyValueSpecification","valueRequired":true,"valueName":"search_term_string"}}],"inLanguage":"es-CL"},{"@type":"Organization","@id":"https:\/\/projazz.cl\/web\/#organization","name":"Projazz","url":"https:\/\/projazz.cl\/web\/","logo":{"@type":"ImageObject","inLanguage":"es-CL","@id":"https:\/\/projazz.cl\/web\/#\/schema\/logo\/image\/","url":"https:\/\/projazz.cl\/web\/wp-content\/uploads\/2024\/10\/brand-projazz2.svg","contentUrl":"https:\/\/projazz.cl\/web\/wp-content\/uploads\/2024\/10\/brand-projazz2.svg","width":161,"height":41,"caption":"Projazz"},"image":{"@id":"https:\/\/projazz.cl\/web\/#\/schema\/logo\/image\/"},"sameAs":["https:\/\/www.facebook.com\/projazzchile","https:\/\/www.instagram.com\/projazzchile"]},{"@type":"Person","@id":"https:\/\/projazz.cl\/web\/#\/schema\/person\/e8f59c9a6d61dfc7ff356d672db453f8","name":"jcampos","image":{"@type":"ImageObject","inLanguage":"es-CL","@id":"https:\/\/projazz.cl\/web\/#\/schema\/person\/image\/","url":"https:\/\/secure.gravatar.com\/avatar\/5982436324a41ee489dd6e32b04f694f1ff5bd0b926ec80f929beb7441b69904?s=96&d=mm&r=g","contentUrl":"https:\/\/secure.gravatar.com\/avatar\/5982436324a41ee489dd6e32b04f694f1ff5bd0b926ec80f929beb7441b69904?s=96&d=mm&r=g","caption":"jcampos"},"sameAs":["https:\/\/alapar.cl\/projazzweb"],"url":"https:\/\/projazz.cl\/web\/author\/jcampos\/"}]}},"_links":{"self":[{"href":"https:\/\/projazz.cl\/web\/wp-json\/wp\/v2\/posts\/1566","targetHints":{"allow":["GET"]}}],"collection":[{"href":"https:\/\/projazz.cl\/web\/wp-json\/wp\/v2\/posts"}],"about":[{"href":"https:\/\/projazz.cl\/web\/wp-json\/wp\/v2\/types\/post"}],"author":[{"embeddable":true,"href":"https:\/\/projazz.cl\/web\/wp-json\/wp\/v2\/users\/1"}],"replies":[{"embeddable":true,"href":"https:\/\/projazz.cl\/web\/wp-json\/wp\/v2\/comments?post=1566"}],"version-history":[{"count":3,"href":"https:\/\/projazz.cl\/web\/wp-json\/wp\/v2\/posts\/1566\/revisions"}],"predecessor-version":[{"id":7441,"href":"https:\/\/projazz.cl\/web\/wp-json\/wp\/v2\/posts\/1566\/revisions\/7441"}],"wp:featuredmedia":[{"embeddable":true,"href":"https:\/\/projazz.cl\/web\/wp-json\/wp\/v2\/media\/2199"}],"wp:attachment":[{"href":"https:\/\/projazz.cl\/web\/wp-json\/wp\/v2\/media?parent=1566"}],"wp:term":[{"taxonomy":"category","embeddable":true,"href":"https:\/\/projazz.cl\/web\/wp-json\/wp\/v2\/categories?post=1566"},{"taxonomy":"post_tag","embeddable":true,"href":"https:\/\/projazz.cl\/web\/wp-json\/wp\/v2\/tags?post=1566"}],"curies":[{"name":"wp","href":"https:\/\/api.w.org\/{rel}","templated":true}]}}